{"id":18587,"date":"2025-06-12T21:49:55","date_gmt":"2025-06-12T19:49:55","guid":{"rendered":"https:\/\/wgphoto.pl\/t\/?p=18587"},"modified":"2025-06-12T21:49:55","modified_gmt":"2025-06-12T19:49:55","slug":"numer-jeden","status":"publish","type":"post","link":"http:\/\/wgphoto.pl\/t\/?p=18587","title":{"rendered":"Numer jeden"},"content":{"rendered":"\n<figure class=\"wp-block-image aligncenter size-full\"><img loading=\"lazy\" decoding=\"async\" width=\"1400\" height=\"898\" src=\"https:\/\/wgphoto.pl\/t\/wp-content\/uploads\/2025\/06\/0821-29.jpg\" alt=\"\" class=\"wp-image-18588\" srcset=\"http:\/\/wgphoto.pl\/t\/wp-content\/uploads\/2025\/06\/0821-29.jpg 1400w, http:\/\/wgphoto.pl\/t\/wp-content\/uploads\/2025\/06\/0821-29-300x192.jpg 300w, http:\/\/wgphoto.pl\/t\/wp-content\/uploads\/2025\/06\/0821-29-768x493.jpg 768w\" sizes=\"auto, (max-width: 1400px) 100vw, 1400px\" \/><\/figure>\n\n\n\n<div class=\"wp-block-group has-global-padding is-layout-constrained wp-block-group-is-layout-constrained\">\n<p>Praga, Pet\u0159iny, sk\u0142ad T3SUCS 7276+7292. Pierwszy wagon w 2016 roku trafi\u0142 do Kijowa, za\u015b drugi mia\u0142 wi\u0119cej szcz\u0119\u015bcia i za\u0142apa\u0142 ciep\u0142\u0105 posadk\u0119 w praskim muzeum tramwaj\u00f3w. 10.11.2008<\/p>\n<\/div>\n","protected":false},"excerpt":{"rendered":"<p>Praga, Pet\u0159iny, sk\u0142ad T3SUCS 7276+7292. Pierwszy wagon w 2016 roku trafi\u0142 do Kijowa, za\u015b drugi mia\u0142 wi\u0119cej szcz\u0119\u015bcia i za\u0142apa\u0142 ciep\u0142\u0105 posadk\u0119 w praskim muzeum tramwaj\u00f3w. 10.11.2008<\/p>\n","protected":false},"author":1,"featured_media":18588,"comment_status":"open","ping_status":"","sticky":false,"template":"","format":"standard","meta":{"footnotes":""},"categories":[62,120,3],"tags":[2058,49,1049,154,438,52,1011],"class_list":["post-18587","post","type-post","status-publish","format-standard","has-post-thumbnail","hentry","category-analog","category-rok-2008","category-tramwaj","tag-2008-11-10","tag-czechy","tag-dp-praha","tag-noc","tag-portret-z-petli","tag-praga","tag-tatra-t3"],"_links":{"self":[{"href":"http:\/\/wgphoto.pl\/t\/index.php?rest_route=\/wp\/v2\/posts\/18587","targetHints":{"allow":["GET"]}}],"collection":[{"href":"http:\/\/wgphoto.pl\/t\/index.php?rest_route=\/wp\/v2\/posts"}],"about":[{"href":"http:\/\/wgphoto.pl\/t\/index.php?rest_route=\/wp\/v2\/types\/post"}],"author":[{"embeddable":true,"href":"http:\/\/wgphoto.pl\/t\/index.php?rest_route=\/wp\/v2\/users\/1"}],"replies":[{"embeddable":true,"href":"http:\/\/wgphoto.pl\/t\/index.php?rest_route=%2Fwp%2Fv2%2Fcomments&post=18587"}],"version-history":[{"count":1,"href":"http:\/\/wgphoto.pl\/t\/index.php?rest_route=\/wp\/v2\/posts\/18587\/revisions"}],"predecessor-version":[{"id":18589,"href":"http:\/\/wgphoto.pl\/t\/index.php?rest_route=\/wp\/v2\/posts\/18587\/revisions\/18589"}],"wp:featuredmedia":[{"embeddable":true,"href":"http:\/\/wgphoto.pl\/t\/index.php?rest_route=\/wp\/v2\/media\/18588"}],"wp:attachment":[{"href":"http:\/\/wgphoto.pl\/t\/index.php?rest_route=%2Fwp%2Fv2%2Fmedia&parent=18587"}],"wp:term":[{"taxonomy":"category","embeddable":true,"href":"http:\/\/wgphoto.pl\/t\/index.php?rest_route=%2Fwp%2Fv2%2Fcategories&post=18587"},{"taxonomy":"post_tag","embeddable":true,"href":"http:\/\/wgphoto.pl\/t\/index.php?rest_route=%2Fwp%2Fv2%2Ftags&post=18587"}],"curies":[{"name":"wp","href":"https:\/\/api.w.org\/{rel}","templated":true}]}}