{"id":18590,"date":"2025-06-12T21:50:45","date_gmt":"2025-06-12T19:50:45","guid":{"rendered":"https:\/\/wgphoto.pl\/t\/?p=18590"},"modified":"2025-06-12T21:50:45","modified_gmt":"2025-06-12T19:50:45","slug":"opolska-kolumnada","status":"publish","type":"post","link":"http:\/\/wgphoto.pl\/t\/?p=18590","title":{"rendered":"Opolska kolumnada"},"content":{"rendered":"\n<figure class=\"wp-block-image aligncenter size-full\"><img loading=\"lazy\" decoding=\"async\" width=\"1400\" height=\"937\" src=\"https:\/\/wgphoto.pl\/t\/wp-content\/uploads\/2025\/06\/IMGP2989.jpg\" alt=\"\" class=\"wp-image-18591\" srcset=\"http:\/\/wgphoto.pl\/t\/wp-content\/uploads\/2025\/06\/IMGP2989.jpg 1400w, http:\/\/wgphoto.pl\/t\/wp-content\/uploads\/2025\/06\/IMGP2989-300x201.jpg 300w, http:\/\/wgphoto.pl\/t\/wp-content\/uploads\/2025\/06\/IMGP2989-768x514.jpg 768w\" sizes=\"auto, (max-width: 1400px) 100vw, 1400px\" \/><\/figure>\n\n\n\n<div class=\"wp-block-group has-global-padding is-layout-constrained wp-block-group-is-layout-constrained\">\n<p>EP07-1003 z bli\u017cej nieokre\u015blonym poci\u0105giem w kierunku wschodnim stoi w peronach Opola G\u0142\u00f3wnego, w towarzystwie zawsze fotogenicznej wiaty. 17.03.2009<\/p>\n<\/div>\n","protected":false},"excerpt":{"rendered":"<p>EP07-1003 z bli\u017cej nieokre\u015blonym poci\u0105giem w kierunku wschodnim stoi w peronach Opola G\u0142\u00f3wnego, w towarzystwie zawsze fotogenicznej wiaty. 17.03.2009<\/p>\n","protected":false},"author":1,"featured_media":18591,"comment_status":"open","ping_status":"","sticky":false,"template":"","format":"standard","meta":{"footnotes":""},"categories":[2,169],"tags":[1571,124,154,1389,24,63,27,711],"class_list":["post-18590","post","type-post","status-publish","format-standard","has-post-thumbnail","hentry","category-kolej","category-rok-2009","tag-2009-03-17","tag-ep07","tag-noc","tag-opole-glowne","tag-perony","tag-pkp","tag-polska","tag-tab-pl220"],"_links":{"self":[{"href":"http:\/\/wgphoto.pl\/t\/index.php?rest_route=\/wp\/v2\/posts\/18590","targetHints":{"allow":["GET"]}}],"collection":[{"href":"http:\/\/wgphoto.pl\/t\/index.php?rest_route=\/wp\/v2\/posts"}],"about":[{"href":"http:\/\/wgphoto.pl\/t\/index.php?rest_route=\/wp\/v2\/types\/post"}],"author":[{"embeddable":true,"href":"http:\/\/wgphoto.pl\/t\/index.php?rest_route=\/wp\/v2\/users\/1"}],"replies":[{"embeddable":true,"href":"http:\/\/wgphoto.pl\/t\/index.php?rest_route=%2Fwp%2Fv2%2Fcomments&post=18590"}],"version-history":[{"count":1,"href":"http:\/\/wgphoto.pl\/t\/index.php?rest_route=\/wp\/v2\/posts\/18590\/revisions"}],"predecessor-version":[{"id":18592,"href":"http:\/\/wgphoto.pl\/t\/index.php?rest_route=\/wp\/v2\/posts\/18590\/revisions\/18592"}],"wp:featuredmedia":[{"embeddable":true,"href":"http:\/\/wgphoto.pl\/t\/index.php?rest_route=\/wp\/v2\/media\/18591"}],"wp:attachment":[{"href":"http:\/\/wgphoto.pl\/t\/index.php?rest_route=%2Fwp%2Fv2%2Fmedia&parent=18590"}],"wp:term":[{"taxonomy":"category","embeddable":true,"href":"http:\/\/wgphoto.pl\/t\/index.php?rest_route=%2Fwp%2Fv2%2Fcategories&post=18590"},{"taxonomy":"post_tag","embeddable":true,"href":"http:\/\/wgphoto.pl\/t\/index.php?rest_route=%2Fwp%2Fv2%2Ftags&post=18590"}],"curies":[{"name":"wp","href":"https:\/\/api.w.org\/{rel}","templated":true}]}}