{"id":18593,"date":"2025-06-12T21:51:57","date_gmt":"2025-06-12T19:51:57","guid":{"rendered":"https:\/\/wgphoto.pl\/t\/?p=18593"},"modified":"2025-06-12T21:51:57","modified_gmt":"2025-06-12T19:51:57","slug":"miedzynarodowy-patent","status":"publish","type":"post","link":"http:\/\/wgphoto.pl\/t\/?p=18593","title":{"rendered":"Mi\u0119dzynarodowy patent"},"content":{"rendered":"\n<figure class=\"wp-block-image aligncenter size-full\"><img loading=\"lazy\" decoding=\"async\" width=\"1400\" height=\"927\" src=\"https:\/\/wgphoto.pl\/t\/wp-content\/uploads\/2025\/06\/IMGP5278.jpg\" alt=\"\" class=\"wp-image-18594\" srcset=\"http:\/\/wgphoto.pl\/t\/wp-content\/uploads\/2025\/06\/IMGP5278.jpg 1400w, http:\/\/wgphoto.pl\/t\/wp-content\/uploads\/2025\/06\/IMGP5278-300x199.jpg 300w, http:\/\/wgphoto.pl\/t\/wp-content\/uploads\/2025\/06\/IMGP5278-768x509.jpg 768w\" sizes=\"auto, (max-width: 1400px) 100vw, 1400px\" \/><\/figure>\n\n\n\n<div class=\"wp-block-group has-global-padding is-layout-constrained wp-block-group-is-layout-constrained\">\n<p>Bukareszt, Calea Rahovei. Wagon V3A-93M 109 zosta\u0142 wyprodukowany przez miejscowe zak\u0142ady FAUR w 1976 roku. W 1995 zosta\u0142 poddany modernizacji, w ramach kt\u00f3rej najprawdopodobniej otrzyma\u0142 wyk\u0142adane drzwi, podobne do stosowanych we wroc\u0142awskich stopi\u0105tkach. Motorniczowie, podobnie jak we Wroc\u0142awiu, w upalne dni je\u017cd\u017c\u0105 z otwartym skrzyd\u0142em drzwi prowadz\u0105cych do kabiny. 15.10.2019<\/p>\n<\/div>\n","protected":false},"excerpt":{"rendered":"<p>Bukareszt, Calea Rahovei. Wagon V3A-93M 109 zosta\u0142 wyprodukowany przez miejscowe zak\u0142ady FAUR w 1976 roku. W 1995 zosta\u0142 poddany modernizacji, w ramach kt\u00f3rej najprawdopodobniej otrzyma\u0142 wyk\u0142adane drzwi, podobne do stosowanych we wroc\u0142awskich stopi\u0105tkach. Motorniczowie, podobnie jak we Wroc\u0142awiu, w upalne dni je\u017cd\u017c\u0105 z otwartym skrzyd\u0142em drzwi prowadz\u0105cych do kabiny. 15.10.2019<\/p>\n","protected":false},"author":1,"featured_media":18594,"comment_status":"open","ping_status":"","sticky":false,"template":"","format":"standard","meta":{"footnotes":""},"categories":[136,3],"tags":[967,965,574,966,575],"class_list":["post-18593","post","type-post","status-publish","format-standard","has-post-thumbnail","hentry","category-rok-2019","category-tramwaj","tag-2019-10-15","tag-bukareszt","tag-rumunia","tag-stb-bucuresti","tag-wakacje-2019"],"_links":{"self":[{"href":"http:\/\/wgphoto.pl\/t\/index.php?rest_route=\/wp\/v2\/posts\/18593","targetHints":{"allow":["GET"]}}],"collection":[{"href":"http:\/\/wgphoto.pl\/t\/index.php?rest_route=\/wp\/v2\/posts"}],"about":[{"href":"http:\/\/wgphoto.pl\/t\/index.php?rest_route=\/wp\/v2\/types\/post"}],"author":[{"embeddable":true,"href":"http:\/\/wgphoto.pl\/t\/index.php?rest_route=\/wp\/v2\/users\/1"}],"replies":[{"embeddable":true,"href":"http:\/\/wgphoto.pl\/t\/index.php?rest_route=%2Fwp%2Fv2%2Fcomments&post=18593"}],"version-history":[{"count":1,"href":"http:\/\/wgphoto.pl\/t\/index.php?rest_route=\/wp\/v2\/posts\/18593\/revisions"}],"predecessor-version":[{"id":18595,"href":"http:\/\/wgphoto.pl\/t\/index.php?rest_route=\/wp\/v2\/posts\/18593\/revisions\/18595"}],"wp:featuredmedia":[{"embeddable":true,"href":"http:\/\/wgphoto.pl\/t\/index.php?rest_route=\/wp\/v2\/media\/18594"}],"wp:attachment":[{"href":"http:\/\/wgphoto.pl\/t\/index.php?rest_route=%2Fwp%2Fv2%2Fmedia&parent=18593"}],"wp:term":[{"taxonomy":"category","embeddable":true,"href":"http:\/\/wgphoto.pl\/t\/index.php?rest_route=%2Fwp%2Fv2%2Fcategories&post=18593"},{"taxonomy":"post_tag","embeddable":true,"href":"http:\/\/wgphoto.pl\/t\/index.php?rest_route=%2Fwp%2Fv2%2Ftags&post=18593"}],"curies":[{"name":"wp","href":"https:\/\/api.w.org\/{rel}","templated":true}]}}