{"id":18596,"date":"2025-06-12T21:52:52","date_gmt":"2025-06-12T19:52:52","guid":{"rendered":"https:\/\/wgphoto.pl\/t\/?p=18596"},"modified":"2025-06-12T21:52:52","modified_gmt":"2025-06-12T19:52:52","slug":"idealny-kamuflaz","status":"publish","type":"post","link":"http:\/\/wgphoto.pl\/t\/?p=18596","title":{"rendered":"Idealny kamufla\u017c"},"content":{"rendered":"\n<figure class=\"wp-block-image aligncenter size-full\"><img loading=\"lazy\" decoding=\"async\" width=\"1400\" height=\"927\" src=\"https:\/\/wgphoto.pl\/t\/wp-content\/uploads\/2025\/06\/IMGP2910.jpg\" alt=\"\" class=\"wp-image-18597\" srcset=\"http:\/\/wgphoto.pl\/t\/wp-content\/uploads\/2025\/06\/IMGP2910.jpg 1400w, http:\/\/wgphoto.pl\/t\/wp-content\/uploads\/2025\/06\/IMGP2910-300x199.jpg 300w, http:\/\/wgphoto.pl\/t\/wp-content\/uploads\/2025\/06\/IMGP2910-768x509.jpg 768w\" sizes=\"auto, (max-width: 1400px) 100vw, 1400px\" \/><\/figure>\n\n\n\n<div class=\"wp-block-group has-global-padding is-layout-constrained wp-block-group-is-layout-constrained\">\n<p>VT43 jako poci\u0105g osobowy 6715 relacji Osek m\u011bsto &#8211; Rakovn\u00edk przed chwil\u0105 min\u0105\u0142 przystanek Ho\u0159esedly i zaraz wjedzie na wiadukt nad b\u0119d\u0105c\u0105 w budowie autostrad\u0105 D6. Jak si\u0119 okazuje, barwy kraju usteckiego idealnie pasuj\u0105 do \u017c\u00f3\u0142to-zielonej wiosny z domieszk\u0105 niebieskiej stali. \ud83d\ude09 20.05.2025<\/p>\n<\/div>\n","protected":false},"excerpt":{"rendered":"<p>VT43 jako poci\u0105g osobowy 6715 relacji Osek m\u011bsto &#8211; Rakovn\u00edk przed chwil\u0105 min\u0105\u0142 przystanek Ho\u0159esedly i zaraz wjedzie na wiadukt nad b\u0119d\u0105c\u0105 w budowie autostrad\u0105 D6. Jak si\u0119 okazuje, barwy kraju usteckiego idealnie pasuj\u0105 do \u017c\u00f3\u0142to-zielonej wiosny z domieszk\u0105 niebieskiej stali. \ud83d\ude09 20.05.2025<\/p>\n","protected":false},"author":1,"featured_media":18597,"comment_status":"open","ping_status":"","sticky":false,"template":"","format":"standard","meta":{"footnotes":""},"categories":[2,3208],"tags":[4013,49,3026,4015,196,3839,45,4016,4014,294],"class_list":["post-18596","post","type-post","status-publish","format-standard","has-post-thumbnail","hentry","category-kolej","category-rok-2025","tag-2025-05-20","tag-czechy","tag-dlb","tag-horesedly","tag-linie-raczej-lokalne","tag-majowka-2025","tag-most","tag-regiosprinter","tag-tab-cz126","tag-wiosna"],"_links":{"self":[{"href":"http:\/\/wgphoto.pl\/t\/index.php?rest_route=\/wp\/v2\/posts\/18596","targetHints":{"allow":["GET"]}}],"collection":[{"href":"http:\/\/wgphoto.pl\/t\/index.php?rest_route=\/wp\/v2\/posts"}],"about":[{"href":"http:\/\/wgphoto.pl\/t\/index.php?rest_route=\/wp\/v2\/types\/post"}],"author":[{"embeddable":true,"href":"http:\/\/wgphoto.pl\/t\/index.php?rest_route=\/wp\/v2\/users\/1"}],"replies":[{"embeddable":true,"href":"http:\/\/wgphoto.pl\/t\/index.php?rest_route=%2Fwp%2Fv2%2Fcomments&post=18596"}],"version-history":[{"count":1,"href":"http:\/\/wgphoto.pl\/t\/index.php?rest_route=\/wp\/v2\/posts\/18596\/revisions"}],"predecessor-version":[{"id":18598,"href":"http:\/\/wgphoto.pl\/t\/index.php?rest_route=\/wp\/v2\/posts\/18596\/revisions\/18598"}],"wp:featuredmedia":[{"embeddable":true,"href":"http:\/\/wgphoto.pl\/t\/index.php?rest_route=\/wp\/v2\/media\/18597"}],"wp:attachment":[{"href":"http:\/\/wgphoto.pl\/t\/index.php?rest_route=%2Fwp%2Fv2%2Fmedia&parent=18596"}],"wp:term":[{"taxonomy":"category","embeddable":true,"href":"http:\/\/wgphoto.pl\/t\/index.php?rest_route=%2Fwp%2Fv2%2Fcategories&post=18596"},{"taxonomy":"post_tag","embeddable":true,"href":"http:\/\/wgphoto.pl\/t\/index.php?rest_route=%2Fwp%2Fv2%2Ftags&post=18596"}],"curies":[{"name":"wp","href":"https:\/\/api.w.org\/{rel}","templated":true}]}}