{"id":18607,"date":"2025-06-13T18:34:11","date_gmt":"2025-06-13T16:34:11","guid":{"rendered":"https:\/\/wgphoto.pl\/t\/?p=18607"},"modified":"2025-06-13T18:34:11","modified_gmt":"2025-06-13T16:34:11","slug":"swiatowid-na-swiniarach","status":"publish","type":"post","link":"http:\/\/wgphoto.pl\/t\/?p=18607","title":{"rendered":"&#8222;\u015awiatowid&#8221; na \u015awiniarach"},"content":{"rendered":"\n<figure class=\"wp-block-image aligncenter size-full\"><img loading=\"lazy\" decoding=\"async\" width=\"1300\" height=\"862\" src=\"https:\/\/wgphoto.pl\/t\/wp-content\/uploads\/2025\/06\/0229-05a.jpg\" alt=\"\" class=\"wp-image-18608\" srcset=\"http:\/\/wgphoto.pl\/t\/wp-content\/uploads\/2025\/06\/0229-05a.jpg 1300w, http:\/\/wgphoto.pl\/t\/wp-content\/uploads\/2025\/06\/0229-05a-300x199.jpg 300w, http:\/\/wgphoto.pl\/t\/wp-content\/uploads\/2025\/06\/0229-05a-768x509.jpg 768w\" sizes=\"auto, (max-width: 1300px) 100vw, 1300px\" \/><\/figure>\n\n\n\n<div class=\"wp-block-group has-global-padding is-layout-constrained wp-block-group-is-layout-constrained\">\n<p>Odcinek Wroc\u0142aw \u015awiniary &#8211; Wroc\u0142aw Osobowice. Krakowska EP07-335 prowadzi poci\u0105g pospieszny 83102 &#8222;\u015awiatowid&#8221; ze Szczecina G\u0142\u00f3wnego do Przemy\u015bla. [24.11.2002]<\/p>\n<\/div>\n","protected":false},"excerpt":{"rendered":"<p>Odcinek Wroc\u0142aw \u015awiniary &#8211; Wroc\u0142aw Osobowice. Krakowska EP07-335 prowadzi poci\u0105g pospieszny 83102 &#8222;\u015awiatowid&#8221; ze Szczecina G\u0142\u00f3wnego do Przemy\u015bla. [24.11.2002]<\/p>\n","protected":false},"author":1,"featured_media":18608,"comment_status":"open","ping_status":"","sticky":false,"template":"","format":"standard","meta":{"footnotes":""},"categories":[62,2,577],"tags":[2526,122,63,27,190,41,191,843],"class_list":["post-18607","post","type-post","status-publish","format-standard","has-post-thumbnail","hentry","category-analog","category-kolej","category-rok-2002","tag-2002-11-24","tag-eu07","tag-pkp","tag-polska","tag-tab-pl330","tag-wroclaw","tag-wroclaw-osobowice","tag-wroclaw-swiniary"],"_links":{"self":[{"href":"http:\/\/wgphoto.pl\/t\/index.php?rest_route=\/wp\/v2\/posts\/18607","targetHints":{"allow":["GET"]}}],"collection":[{"href":"http:\/\/wgphoto.pl\/t\/index.php?rest_route=\/wp\/v2\/posts"}],"about":[{"href":"http:\/\/wgphoto.pl\/t\/index.php?rest_route=\/wp\/v2\/types\/post"}],"author":[{"embeddable":true,"href":"http:\/\/wgphoto.pl\/t\/index.php?rest_route=\/wp\/v2\/users\/1"}],"replies":[{"embeddable":true,"href":"http:\/\/wgphoto.pl\/t\/index.php?rest_route=%2Fwp%2Fv2%2Fcomments&post=18607"}],"version-history":[{"count":1,"href":"http:\/\/wgphoto.pl\/t\/index.php?rest_route=\/wp\/v2\/posts\/18607\/revisions"}],"predecessor-version":[{"id":18609,"href":"http:\/\/wgphoto.pl\/t\/index.php?rest_route=\/wp\/v2\/posts\/18607\/revisions\/18609"}],"wp:featuredmedia":[{"embeddable":true,"href":"http:\/\/wgphoto.pl\/t\/index.php?rest_route=\/wp\/v2\/media\/18608"}],"wp:attachment":[{"href":"http:\/\/wgphoto.pl\/t\/index.php?rest_route=%2Fwp%2Fv2%2Fmedia&parent=18607"}],"wp:term":[{"taxonomy":"category","embeddable":true,"href":"http:\/\/wgphoto.pl\/t\/index.php?rest_route=%2Fwp%2Fv2%2Fcategories&post=18607"},{"taxonomy":"post_tag","embeddable":true,"href":"http:\/\/wgphoto.pl\/t\/index.php?rest_route=%2Fwp%2Fv2%2Ftags&post=18607"}],"curies":[{"name":"wp","href":"https:\/\/api.w.org\/{rel}","templated":true}]}}