{"id":18613,"date":"2025-06-13T18:36:12","date_gmt":"2025-06-13T16:36:12","guid":{"rendered":"https:\/\/wgphoto.pl\/t\/?p=18613"},"modified":"2025-06-13T18:36:12","modified_gmt":"2025-06-13T16:36:12","slug":"dabrowa-gornicza","status":"publish","type":"post","link":"http:\/\/wgphoto.pl\/t\/?p=18613","title":{"rendered":"D\u0105browa G\u00f3rnicza"},"content":{"rendered":"\n<figure class=\"wp-block-image aligncenter size-full\"><img loading=\"lazy\" decoding=\"async\" width=\"800\" height=\"1000\" src=\"https:\/\/wgphoto.pl\/t\/wp-content\/uploads\/2025\/06\/IMGP2344.jpg\" alt=\"\" class=\"wp-image-18614\" srcset=\"http:\/\/wgphoto.pl\/t\/wp-content\/uploads\/2025\/06\/IMGP2344.jpg 800w, http:\/\/wgphoto.pl\/t\/wp-content\/uploads\/2025\/06\/IMGP2344-240x300.jpg 240w, http:\/\/wgphoto.pl\/t\/wp-content\/uploads\/2025\/06\/IMGP2344-768x960.jpg 768w\" sizes=\"auto, (max-width: 800px) 100vw, 800px\" \/><\/figure>\n\n\n\n<div class=\"wp-block-group has-global-padding is-layout-constrained wp-block-group-is-layout-constrained\">\n<p>D\u0105browa G\u00f3rnicza, ul. Kr\u00f3lowej Jadwigi, 105NF S nr 728 jedzie w kierunku Czeladzi. Klasyczne uj\u0119cie z tego miasta, z ko\u015bcio\u0142em pw. \u015aw. Antoniego na Wzg\u00f3rzu Go\u0142onoskim w tle. [04.05.2021]<\/p>\n<\/div>\n","protected":false},"excerpt":{"rendered":"<p>D\u0105browa G\u00f3rnicza, ul. Kr\u00f3lowej Jadwigi, 105NF S nr 728 jedzie w kierunku Czeladzi. Klasyczne uj\u0119cie z tego miasta, z ko\u015bcio\u0142em pw. \u015aw. Antoniego na Wzg\u00f3rzu Go\u0142onoskim w tle. [04.05.2021]<\/p>\n","protected":false},"author":1,"featured_media":18614,"comment_status":"open","ping_status":"","sticky":false,"template":"","format":"standard","meta":{"footnotes":""},"categories":[128,681,3],"tags":[155,4020,1676,277,113,546,118,27,279],"class_list":["post-18613","post","type-post","status-publish","format-standard","has-post-thumbnail","hentry","category-pionowe","category-rok-2021","category-tramwaj","tag-105na","tag-2021-05-04","tag-dabrowa-gornicza","tag-gop","tag-landszaft","tag-moderus-alfa","tag-plany-i-profile","tag-polska","tag-tramwaje-slaskie"],"_links":{"self":[{"href":"http:\/\/wgphoto.pl\/t\/index.php?rest_route=\/wp\/v2\/posts\/18613","targetHints":{"allow":["GET"]}}],"collection":[{"href":"http:\/\/wgphoto.pl\/t\/index.php?rest_route=\/wp\/v2\/posts"}],"about":[{"href":"http:\/\/wgphoto.pl\/t\/index.php?rest_route=\/wp\/v2\/types\/post"}],"author":[{"embeddable":true,"href":"http:\/\/wgphoto.pl\/t\/index.php?rest_route=\/wp\/v2\/users\/1"}],"replies":[{"embeddable":true,"href":"http:\/\/wgphoto.pl\/t\/index.php?rest_route=%2Fwp%2Fv2%2Fcomments&post=18613"}],"version-history":[{"count":1,"href":"http:\/\/wgphoto.pl\/t\/index.php?rest_route=\/wp\/v2\/posts\/18613\/revisions"}],"predecessor-version":[{"id":18615,"href":"http:\/\/wgphoto.pl\/t\/index.php?rest_route=\/wp\/v2\/posts\/18613\/revisions\/18615"}],"wp:featuredmedia":[{"embeddable":true,"href":"http:\/\/wgphoto.pl\/t\/index.php?rest_route=\/wp\/v2\/media\/18614"}],"wp:attachment":[{"href":"http:\/\/wgphoto.pl\/t\/index.php?rest_route=%2Fwp%2Fv2%2Fmedia&parent=18613"}],"wp:term":[{"taxonomy":"category","embeddable":true,"href":"http:\/\/wgphoto.pl\/t\/index.php?rest_route=%2Fwp%2Fv2%2Fcategories&post=18613"},{"taxonomy":"post_tag","embeddable":true,"href":"http:\/\/wgphoto.pl\/t\/index.php?rest_route=%2Fwp%2Fv2%2Ftags&post=18613"}],"curies":[{"name":"wp","href":"https:\/\/api.w.org\/{rel}","templated":true}]}}