{"id":18628,"date":"2025-06-13T18:41:09","date_gmt":"2025-06-13T16:41:09","guid":{"rendered":"https:\/\/wgphoto.pl\/t\/?p=18628"},"modified":"2025-06-13T18:41:09","modified_gmt":"2025-06-13T16:41:09","slug":"idz-pod-prad","status":"publish","type":"post","link":"http:\/\/wgphoto.pl\/t\/?p=18628","title":{"rendered":"Id\u017a pod pr\u0105d"},"content":{"rendered":"\n<figure class=\"wp-block-image aligncenter size-full\"><img loading=\"lazy\" decoding=\"async\" width=\"1300\" height=\"861\" src=\"https:\/\/wgphoto.pl\/t\/wp-content\/uploads\/2025\/06\/IMGP0608.jpg\" alt=\"\" class=\"wp-image-18629\" srcset=\"http:\/\/wgphoto.pl\/t\/wp-content\/uploads\/2025\/06\/IMGP0608.jpg 1300w, http:\/\/wgphoto.pl\/t\/wp-content\/uploads\/2025\/06\/IMGP0608-300x199.jpg 300w, http:\/\/wgphoto.pl\/t\/wp-content\/uploads\/2025\/06\/IMGP0608-768x509.jpg 768w\" sizes=\"auto, (max-width: 1300px) 100vw, 1300px\" \/><\/figure>\n\n\n\n<div class=\"wp-block-group has-global-padding is-layout-constrained wp-block-group-is-layout-constrained\">\n<p>To foto powsta\u0142o ju\u017c podczas schodzenia z miejsc\u00f3wki, z kt\u00f3rej robi si\u0119 standardowe kadry, jakie mo\u017cecie obejrze\u0107 klikaj\u0105c w odpowiednie tagi. W takim uj\u0119ciu raczej nikt nie foci, bo to od strony cienia i w og\u00f3le bez sensu, a mnie si\u0119 ono w\u0142a\u015bnie podoba, bo jest nieoczywiste, domy i most komponuj\u0105 si\u0119 idealnie, a dodatkowo w\u0142a\u015bnie przy\u015bwieci\u0142o &#8222;wsteczne \u015bwiat\u0142o&#8221;, podkre\u015blaj\u0105c barwy jesieni. A \u017ce poci\u0105g nie jest nale\u017cycie wyeksponowany, przeszkadza mi to znacznie mniej ni\u017c &#8222;schodki&#8221; po wyostrzaniu w Lr (przy ka\u017cdej okazji powtarzam, \u017ce nie podoba mi si\u0119 ten algorytm wyostrzania). \ud83d\ude41 Szybkie eso 362.170 z poci\u0105giem R980 &#8222;Vyso\u010dina&#8221; relacji Brno doln\u00ed n. &#8211; Praha-Vr\u0161ovice mija znany wiadukt w Doln\u00edch Lou\u010dkach. [11.11.2022]<\/p>\n<\/div>\n","protected":false},"excerpt":{"rendered":"<p>To foto powsta\u0142o ju\u017c podczas schodzenia z miejsc\u00f3wki, z kt\u00f3rej robi si\u0119 standardowe kadry, jakie mo\u017cecie obejrze\u0107 klikaj\u0105c w odpowiednie tagi. W takim uj\u0119ciu raczej nikt nie foci, bo to od strony cienia i w og\u00f3le bez sensu, a mnie si\u0119 ono w\u0142a\u015bnie podoba, bo jest nieoczywiste, domy i most komponuj\u0105 si\u0119 idealnie, a dodatkowo [&hellip;]<\/p>\n","protected":false},"author":1,"featured_media":18629,"comment_status":"open","ping_status":"","sticky":false,"template":"","format":"standard","meta":{"footnotes":""},"categories":[2,669],"tags":[4021,2686,50,49,3199,126,3729,45,2366],"class_list":["post-18628","post","type-post","status-publish","format-standard","has-post-thumbnail","hentry","category-kolej","category-rok-2022","tag-2022-11-11","tag-2686","tag-cd","tag-czechy","tag-dolni-loucky","tag-jesien","tag-morawy-2022","tag-most","tag-tab-cz250"],"_links":{"self":[{"href":"http:\/\/wgphoto.pl\/t\/index.php?rest_route=\/wp\/v2\/posts\/18628","targetHints":{"allow":["GET"]}}],"collection":[{"href":"http:\/\/wgphoto.pl\/t\/index.php?rest_route=\/wp\/v2\/posts"}],"about":[{"href":"http:\/\/wgphoto.pl\/t\/index.php?rest_route=\/wp\/v2\/types\/post"}],"author":[{"embeddable":true,"href":"http:\/\/wgphoto.pl\/t\/index.php?rest_route=\/wp\/v2\/users\/1"}],"replies":[{"embeddable":true,"href":"http:\/\/wgphoto.pl\/t\/index.php?rest_route=%2Fwp%2Fv2%2Fcomments&post=18628"}],"version-history":[{"count":1,"href":"http:\/\/wgphoto.pl\/t\/index.php?rest_route=\/wp\/v2\/posts\/18628\/revisions"}],"predecessor-version":[{"id":18630,"href":"http:\/\/wgphoto.pl\/t\/index.php?rest_route=\/wp\/v2\/posts\/18628\/revisions\/18630"}],"wp:featuredmedia":[{"embeddable":true,"href":"http:\/\/wgphoto.pl\/t\/index.php?rest_route=\/wp\/v2\/media\/18629"}],"wp:attachment":[{"href":"http:\/\/wgphoto.pl\/t\/index.php?rest_route=%2Fwp%2Fv2%2Fmedia&parent=18628"}],"wp:term":[{"taxonomy":"category","embeddable":true,"href":"http:\/\/wgphoto.pl\/t\/index.php?rest_route=%2Fwp%2Fv2%2Fcategories&post=18628"},{"taxonomy":"post_tag","embeddable":true,"href":"http:\/\/wgphoto.pl\/t\/index.php?rest_route=%2Fwp%2Fv2%2Ftags&post=18628"}],"curies":[{"name":"wp","href":"https:\/\/api.w.org\/{rel}","templated":true}]}}