{"id":18646,"date":"2025-06-13T18:48:31","date_gmt":"2025-06-13T16:48:31","guid":{"rendered":"https:\/\/wgphoto.pl\/t\/?p=18646"},"modified":"2025-06-13T18:49:09","modified_gmt":"2025-06-13T16:49:09","slug":"do-pragi-railjetem-juz-w-309h","status":"publish","type":"post","link":"http:\/\/wgphoto.pl\/t\/?p=18646","title":{"rendered":"Do Pragi Railjetem ju\u017c w 3:09h"},"content":{"rendered":"\n<figure class=\"wp-block-image aligncenter size-full\"><img loading=\"lazy\" decoding=\"async\" width=\"773\" height=\"1000\" src=\"https:\/\/wgphoto.pl\/t\/wp-content\/uploads\/2025\/06\/IMGP0430.jpg\" alt=\"\" class=\"wp-image-18647\" srcset=\"http:\/\/wgphoto.pl\/t\/wp-content\/uploads\/2025\/06\/IMGP0430.jpg 773w, http:\/\/wgphoto.pl\/t\/wp-content\/uploads\/2025\/06\/IMGP0430-232x300.jpg 232w, http:\/\/wgphoto.pl\/t\/wp-content\/uploads\/2025\/06\/IMGP0430-768x994.jpg 768w\" sizes=\"auto, (max-width: 773px) 100vw, 773px\" \/><\/figure>\n\n\n\n<div class=\"wp-block-group has-global-padding is-layout-constrained wp-block-group-is-layout-constrained\">\n<p>Austriacki Taurus 1216.234 w czeskiej okleinie odjedzie z Brna hl.n. z poci\u0105giem railjet 576 &#8222;Brn\u011bnsk\u00fd drak&#8221; do Prahy hl.n. Nad kadrem g\u00f3ruje katedra \u015bw. Piotra i Paw\u0142a, stoj\u0105ca na wzg\u00f3rzu zwanym Petrovem. Uj\u0119cie jest mo\u017ce ma\u0142o &#8222;kolejowe&#8221;, ale z symbolem Brna oraz luksusowego poci\u0105gu dobrze nada\u0142oby si\u0119 na jaki\u015b plakat. [11.11.2022]<\/p>\n<\/div>\n","protected":false},"excerpt":{"rendered":"<p>Austriacki Taurus 1216.234 w czeskiej okleinie odjedzie z Brna hl.n. z poci\u0105giem railjet 576 &#8222;Brn\u011bnsk\u00fd drak&#8221; do Prahy hl.n. Nad kadrem g\u00f3ruje katedra \u015bw. Piotra i Paw\u0142a, stoj\u0105ca na wzg\u00f3rzu zwanym Petrovem. Uj\u0119cie jest mo\u017ce ma\u0142o &#8222;kolejowe&#8221;, ale z symbolem Brna oraz luksusowego poci\u0105gu dobrze nada\u0142oby si\u0119 na jaki\u015b plakat. [11.11.2022]<\/p>\n","protected":false},"author":1,"featured_media":18647,"comment_status":"open","ping_status":"","sticky":false,"template":"","format":"standard","meta":{"footnotes":""},"categories":[220,2,128,669],"tags":[3462,4021,34,328,327,50,49,3729,154,11,119],"class_list":["post-18646","post","type-post","status-publish","format-standard","has-post-thumbnail","hentry","category-blo","category-kolej","category-pionowe","category-rok-2022","tag-3462","tag-2022-11-11","tag-architektura","tag-brno","tag-brno-hlavni-nadrazi","tag-cd","tag-czechy","tag-morawy-2022","tag-noc","tag-obb","tag-siemens-taurus"],"_links":{"self":[{"href":"http:\/\/wgphoto.pl\/t\/index.php?rest_route=\/wp\/v2\/posts\/18646","targetHints":{"allow":["GET"]}}],"collection":[{"href":"http:\/\/wgphoto.pl\/t\/index.php?rest_route=\/wp\/v2\/posts"}],"about":[{"href":"http:\/\/wgphoto.pl\/t\/index.php?rest_route=\/wp\/v2\/types\/post"}],"author":[{"embeddable":true,"href":"http:\/\/wgphoto.pl\/t\/index.php?rest_route=\/wp\/v2\/users\/1"}],"replies":[{"embeddable":true,"href":"http:\/\/wgphoto.pl\/t\/index.php?rest_route=%2Fwp%2Fv2%2Fcomments&post=18646"}],"version-history":[{"count":1,"href":"http:\/\/wgphoto.pl\/t\/index.php?rest_route=\/wp\/v2\/posts\/18646\/revisions"}],"predecessor-version":[{"id":18648,"href":"http:\/\/wgphoto.pl\/t\/index.php?rest_route=\/wp\/v2\/posts\/18646\/revisions\/18648"}],"wp:featuredmedia":[{"embeddable":true,"href":"http:\/\/wgphoto.pl\/t\/index.php?rest_route=\/wp\/v2\/media\/18647"}],"wp:attachment":[{"href":"http:\/\/wgphoto.pl\/t\/index.php?rest_route=%2Fwp%2Fv2%2Fmedia&parent=18646"}],"wp:term":[{"taxonomy":"category","embeddable":true,"href":"http:\/\/wgphoto.pl\/t\/index.php?rest_route=%2Fwp%2Fv2%2Fcategories&post=18646"},{"taxonomy":"post_tag","embeddable":true,"href":"http:\/\/wgphoto.pl\/t\/index.php?rest_route=%2Fwp%2Fv2%2Ftags&post=18646"}],"curies":[{"name":"wp","href":"https:\/\/api.w.org\/{rel}","templated":true}]}}