{"id":18668,"date":"2025-06-15T11:22:08","date_gmt":"2025-06-15T09:22:08","guid":{"rendered":"https:\/\/wgphoto.pl\/t\/?p=18668"},"modified":"2025-06-15T11:22:08","modified_gmt":"2025-06-15T09:22:08","slug":"851-021-6-unicov-2","status":"publish","type":"post","link":"http:\/\/wgphoto.pl\/t\/?p=18668","title":{"rendered":"851 021-6, Uni\u010dov"},"content":{"rendered":"\n<figure class=\"wp-block-image aligncenter size-full\"><img loading=\"lazy\" decoding=\"async\" width=\"1300\" height=\"870\" src=\"https:\/\/wgphoto.pl\/t\/wp-content\/uploads\/2025\/06\/IMGP7842.jpg\" alt=\"\" class=\"wp-image-18670\" srcset=\"http:\/\/wgphoto.pl\/t\/wp-content\/uploads\/2025\/06\/IMGP7842.jpg 1300w, http:\/\/wgphoto.pl\/t\/wp-content\/uploads\/2025\/06\/IMGP7842-300x201.jpg 300w, http:\/\/wgphoto.pl\/t\/wp-content\/uploads\/2025\/06\/IMGP7842-768x514.jpg 768w\" sizes=\"auto, (max-width: 1300px) 100vw, 1300px\" \/><\/figure>\n\n\n\n<div class=\"wp-block-group has-global-padding is-layout-constrained wp-block-group-is-layout-constrained\">\n<p>Krokodyl 851.021-6 za par\u0119 minut odjedzie z Uni\u010dova jako pierwsza poranna osob\u00f3wka do \u0160umperka. Dzi\u015b na stacji wisi ju\u017c sie\u0107, a za kilka dni (opis z grudnia 2022) odcinek z O\u0142omu\u0144ca do Uni\u010dova stanie si\u0119 pierwsz\u0105 w Czechach lini\u0105 o ruchu prowadzonym wy\u0142\u0105cznie w oparciu o ETCS. 23.07.2009<\/p>\n<\/div>\n","protected":false},"excerpt":{"rendered":"<p>Krokodyl 851.021-6 za par\u0119 minut odjedzie z Uni\u010dova jako pierwsza poranna osob\u00f3wka do \u0160umperka. Dzi\u015b na stacji wisi ju\u017c sie\u0107, a za kilka dni (opis z grudnia 2022) odcinek z O\u0142omu\u0144ca do Uni\u010dova stanie si\u0119 pierwsz\u0105 w Czechach lini\u0105 o ruchu prowadzonym wy\u0142\u0105cznie w oparciu o ETCS. 23.07.2009<\/p>\n","protected":false},"author":1,"featured_media":18670,"comment_status":"open","ping_status":"","sticky":false,"template":"","format":"standard","meta":{"footnotes":""},"categories":[2,169],"tags":[287,285,50,49,196,176,286,284],"class_list":["post-18668","post","type-post","status-publish","format-standard","has-post-thumbnail","hentry","category-kolej","category-rok-2009","tag-2009-07-23","tag-285","tag-cd","tag-czechy","tag-linie-raczej-lokalne","tag-rano","tag-tab-cz290","tag-unicov"],"_links":{"self":[{"href":"http:\/\/wgphoto.pl\/t\/index.php?rest_route=\/wp\/v2\/posts\/18668","targetHints":{"allow":["GET"]}}],"collection":[{"href":"http:\/\/wgphoto.pl\/t\/index.php?rest_route=\/wp\/v2\/posts"}],"about":[{"href":"http:\/\/wgphoto.pl\/t\/index.php?rest_route=\/wp\/v2\/types\/post"}],"author":[{"embeddable":true,"href":"http:\/\/wgphoto.pl\/t\/index.php?rest_route=\/wp\/v2\/users\/1"}],"replies":[{"embeddable":true,"href":"http:\/\/wgphoto.pl\/t\/index.php?rest_route=%2Fwp%2Fv2%2Fcomments&post=18668"}],"version-history":[{"count":1,"href":"http:\/\/wgphoto.pl\/t\/index.php?rest_route=\/wp\/v2\/posts\/18668\/revisions"}],"predecessor-version":[{"id":18671,"href":"http:\/\/wgphoto.pl\/t\/index.php?rest_route=\/wp\/v2\/posts\/18668\/revisions\/18671"}],"wp:featuredmedia":[{"embeddable":true,"href":"http:\/\/wgphoto.pl\/t\/index.php?rest_route=\/wp\/v2\/media\/18670"}],"wp:attachment":[{"href":"http:\/\/wgphoto.pl\/t\/index.php?rest_route=%2Fwp%2Fv2%2Fmedia&parent=18668"}],"wp:term":[{"taxonomy":"category","embeddable":true,"href":"http:\/\/wgphoto.pl\/t\/index.php?rest_route=%2Fwp%2Fv2%2Fcategories&post=18668"},{"taxonomy":"post_tag","embeddable":true,"href":"http:\/\/wgphoto.pl\/t\/index.php?rest_route=%2Fwp%2Fv2%2Ftags&post=18668"}],"curies":[{"name":"wp","href":"https:\/\/api.w.org\/{rel}","templated":true}]}}