{"id":18672,"date":"2025-06-15T11:23:01","date_gmt":"2025-06-15T09:23:01","guid":{"rendered":"https:\/\/wgphoto.pl\/t\/?p=18672"},"modified":"2025-06-15T11:23:01","modified_gmt":"2025-06-15T09:23:01","slug":"byl-klimat","status":"publish","type":"post","link":"http:\/\/wgphoto.pl\/t\/?p=18672","title":{"rendered":"By\u0142 klimat"},"content":{"rendered":"\n<figure class=\"wp-block-image aligncenter size-full\"><img loading=\"lazy\" decoding=\"async\" width=\"1200\" height=\"796\" src=\"https:\/\/wgphoto.pl\/t\/wp-content\/uploads\/2025\/06\/0229-01a.jpg\" alt=\"\" class=\"wp-image-18673\" srcset=\"http:\/\/wgphoto.pl\/t\/wp-content\/uploads\/2025\/06\/0229-01a.jpg 1200w, http:\/\/wgphoto.pl\/t\/wp-content\/uploads\/2025\/06\/0229-01a-300x199.jpg 300w, http:\/\/wgphoto.pl\/t\/wp-content\/uploads\/2025\/06\/0229-01a-768x509.jpg 768w\" sizes=\"auto, (max-width: 1200px) 100vw, 1200px\" \/><\/figure>\n\n\n\n<div class=\"wp-block-group has-global-padding is-layout-constrained wp-block-group-is-layout-constrained\">\n<p>Wroc\u0142aw, ul. Przyja\u017ani, 102Na 2019. Jeden z najbardziej klimatycznych odcink\u00f3w wroc\u0142awskiej sieci z nieprzypadkowym tramwajem (stodw\u00f3jka i to jeszcze z gniazdami sterowania wielokrotnego z przodu &#8211; jedna z dw\u00f3ch takich pod\u00f3wczas) oraz w s\u0142abym, lecz atrakcyjnym \u015bwietle. Do dzi\u015b nie pozosta\u0142o z tego kadru nic poza zakonserwowanym na lata problematycznym jednotorem, kt\u00f3ry po uruchomieniu tutaj drugiej linii odbija si\u0119 czkawk\u0105 pod k\u0105tem przepustowo\u015bci. 21.11.2002<\/p>\n<\/div>\n","protected":false},"excerpt":{"rendered":"<p>Wroc\u0142aw, ul. Przyja\u017ani, 102Na 2019. Jeden z najbardziej klimatycznych odcink\u00f3w wroc\u0142awskiej sieci z nieprzypadkowym tramwajem (stodw\u00f3jka i to jeszcze z gniazdami sterowania wielokrotnego z przodu &#8211; jedna z dw\u00f3ch takich pod\u00f3wczas) oraz w s\u0142abym, lecz atrakcyjnym \u015bwietle. Do dzi\u015b nie pozosta\u0142o z tego kadru nic poza zakonserwowanym na lata problematycznym jednotorem, kt\u00f3ry po uruchomieniu tutaj [&hellip;]<\/p>\n","protected":false},"author":1,"featured_media":18673,"comment_status":"open","ping_status":"","sticky":false,"template":"","format":"standard","meta":{"footnotes":""},"categories":[62,577,3],"tags":[4027,309,821,42,27,41],"class_list":["post-18672","post","type-post","status-publish","format-standard","has-post-thumbnail","hentry","category-analog","category-rok-2002","category-tramwaj","tag-2002-11-21","tag-konstal-102na","tag-mgla","tag-mpk-wroclaw","tag-polska","tag-wroclaw"],"_links":{"self":[{"href":"http:\/\/wgphoto.pl\/t\/index.php?rest_route=\/wp\/v2\/posts\/18672","targetHints":{"allow":["GET"]}}],"collection":[{"href":"http:\/\/wgphoto.pl\/t\/index.php?rest_route=\/wp\/v2\/posts"}],"about":[{"href":"http:\/\/wgphoto.pl\/t\/index.php?rest_route=\/wp\/v2\/types\/post"}],"author":[{"embeddable":true,"href":"http:\/\/wgphoto.pl\/t\/index.php?rest_route=\/wp\/v2\/users\/1"}],"replies":[{"embeddable":true,"href":"http:\/\/wgphoto.pl\/t\/index.php?rest_route=%2Fwp%2Fv2%2Fcomments&post=18672"}],"version-history":[{"count":1,"href":"http:\/\/wgphoto.pl\/t\/index.php?rest_route=\/wp\/v2\/posts\/18672\/revisions"}],"predecessor-version":[{"id":18674,"href":"http:\/\/wgphoto.pl\/t\/index.php?rest_route=\/wp\/v2\/posts\/18672\/revisions\/18674"}],"wp:featuredmedia":[{"embeddable":true,"href":"http:\/\/wgphoto.pl\/t\/index.php?rest_route=\/wp\/v2\/media\/18673"}],"wp:attachment":[{"href":"http:\/\/wgphoto.pl\/t\/index.php?rest_route=%2Fwp%2Fv2%2Fmedia&parent=18672"}],"wp:term":[{"taxonomy":"category","embeddable":true,"href":"http:\/\/wgphoto.pl\/t\/index.php?rest_route=%2Fwp%2Fv2%2Fcategories&post=18672"},{"taxonomy":"post_tag","embeddable":true,"href":"http:\/\/wgphoto.pl\/t\/index.php?rest_route=%2Fwp%2Fv2%2Ftags&post=18672"}],"curies":[{"name":"wp","href":"https:\/\/api.w.org\/{rel}","templated":true}]}}