{"id":18684,"date":"2025-06-15T11:28:39","date_gmt":"2025-06-15T09:28:39","guid":{"rendered":"https:\/\/wgphoto.pl\/t\/?p=18684"},"modified":"2025-06-15T11:28:39","modified_gmt":"2025-06-15T09:28:39","slug":"miewalem-przeblyski","status":"publish","type":"post","link":"http:\/\/wgphoto.pl\/t\/?p=18684","title":{"rendered":"Miewa\u0142em przeb\u0142yski"},"content":{"rendered":"\n<figure class=\"wp-block-image aligncenter size-full\"><img loading=\"lazy\" decoding=\"async\" width=\"1200\" height=\"796\" src=\"https:\/\/wgphoto.pl\/t\/wp-content\/uploads\/2025\/06\/0304-018A.jpg\" alt=\"\" class=\"wp-image-18685\" srcset=\"http:\/\/wgphoto.pl\/t\/wp-content\/uploads\/2025\/06\/0304-018A.jpg 1200w, http:\/\/wgphoto.pl\/t\/wp-content\/uploads\/2025\/06\/0304-018A-300x199.jpg 300w, http:\/\/wgphoto.pl\/t\/wp-content\/uploads\/2025\/06\/0304-018A-768x509.jpg 768w\" sizes=\"auto, (max-width: 1200px) 100vw, 1200px\" \/><\/figure>\n\n\n\n<div class=\"wp-block-group has-global-padding is-layout-constrained wp-block-group-is-layout-constrained\">\n<p>105Na 2452+2451 mija most nad \u015al\u0119z\u0105 za Pilczycami w stron\u0119 Le\u015bnicy, we Wroc\u0142awiu oczywi\u015bcie. Technicznie nie podo\u0142a\u0142em, ale kadr, pomimo up\u0142ywu lat, bardzo mi si\u0119 podoba. 10.02.2003<\/p>\n<\/div>\n","protected":false},"excerpt":{"rendered":"<p>105Na 2452+2451 mija most nad \u015al\u0119z\u0105 za Pilczycami w stron\u0119 Le\u015bnicy, we Wroc\u0142awiu oczywi\u015bcie. Technicznie nie podo\u0142a\u0142em, ale kadr, pomimo up\u0142ywu lat, bardzo mi si\u0119 podoba. 10.02.2003<\/p>\n","protected":false},"author":1,"featured_media":18685,"comment_status":"open","ping_status":"","sticky":false,"template":"","format":"standard","meta":{"footnotes":""},"categories":[62,149,3],"tags":[155,3170,395,45,42,27,73,44,41],"class_list":["post-18684","post","type-post","status-publish","format-standard","has-post-thumbnail","hentry","category-analog","category-rok-2003","category-tramwaj","tag-105na","tag-2003-02-10","tag-lustro","tag-most","tag-mpk-wroclaw","tag-polska","tag-rzeka","tag-snieg","tag-wroclaw"],"_links":{"self":[{"href":"http:\/\/wgphoto.pl\/t\/index.php?rest_route=\/wp\/v2\/posts\/18684","targetHints":{"allow":["GET"]}}],"collection":[{"href":"http:\/\/wgphoto.pl\/t\/index.php?rest_route=\/wp\/v2\/posts"}],"about":[{"href":"http:\/\/wgphoto.pl\/t\/index.php?rest_route=\/wp\/v2\/types\/post"}],"author":[{"embeddable":true,"href":"http:\/\/wgphoto.pl\/t\/index.php?rest_route=\/wp\/v2\/users\/1"}],"replies":[{"embeddable":true,"href":"http:\/\/wgphoto.pl\/t\/index.php?rest_route=%2Fwp%2Fv2%2Fcomments&post=18684"}],"version-history":[{"count":1,"href":"http:\/\/wgphoto.pl\/t\/index.php?rest_route=\/wp\/v2\/posts\/18684\/revisions"}],"predecessor-version":[{"id":18686,"href":"http:\/\/wgphoto.pl\/t\/index.php?rest_route=\/wp\/v2\/posts\/18684\/revisions\/18686"}],"wp:featuredmedia":[{"embeddable":true,"href":"http:\/\/wgphoto.pl\/t\/index.php?rest_route=\/wp\/v2\/media\/18685"}],"wp:attachment":[{"href":"http:\/\/wgphoto.pl\/t\/index.php?rest_route=%2Fwp%2Fv2%2Fmedia&parent=18684"}],"wp:term":[{"taxonomy":"category","embeddable":true,"href":"http:\/\/wgphoto.pl\/t\/index.php?rest_route=%2Fwp%2Fv2%2Fcategories&post=18684"},{"taxonomy":"post_tag","embeddable":true,"href":"http:\/\/wgphoto.pl\/t\/index.php?rest_route=%2Fwp%2Fv2%2Ftags&post=18684"}],"curies":[{"name":"wp","href":"https:\/\/api.w.org\/{rel}","templated":true}]}}