{"id":18735,"date":"2025-06-16T18:05:46","date_gmt":"2025-06-16T16:05:46","guid":{"rendered":"https:\/\/wgphoto.pl\/t\/?p=18735"},"modified":"2025-06-16T18:05:46","modified_gmt":"2025-06-16T16:05:46","slug":"codziennosc-2","status":"publish","type":"post","link":"http:\/\/wgphoto.pl\/t\/?p=18735","title":{"rendered":"Codzienno\u015b\u0107"},"content":{"rendered":"\n<figure class=\"wp-block-image aligncenter size-full\"><img loading=\"lazy\" decoding=\"async\" width=\"1300\" height=\"870\" src=\"https:\/\/wgphoto.pl\/t\/wp-content\/uploads\/2025\/06\/IMGP0647.jpg\" alt=\"\" class=\"wp-image-18736\" srcset=\"http:\/\/wgphoto.pl\/t\/wp-content\/uploads\/2025\/06\/IMGP0647.jpg 1300w, http:\/\/wgphoto.pl\/t\/wp-content\/uploads\/2025\/06\/IMGP0647-300x201.jpg 300w, http:\/\/wgphoto.pl\/t\/wp-content\/uploads\/2025\/06\/IMGP0647-768x514.jpg 768w\" sizes=\"auto, (max-width: 1300px) 100vw, 1300px\" \/><\/figure>\n\n\n\n<div class=\"wp-block-group has-global-padding is-layout-constrained wp-block-group-is-layout-constrained\">\n<p>102Na 2027 zatrzymuje si\u0119 na przystanku Dolmed we Wroc\u0142awiu. Czas si\u0119 tu jakby zatrzyma\u0142, cho\u0107 do dzi\u015b ju\u017c ruszy\u0142 z miejsca, a linia 20, cho\u0107 wci\u0105\u017c t\u0119dy je\u017adzi, to zmieni\u0142a kierunki &#8211; teraz na Opor\u00f3w jedzie si\u0119 w przeciwn\u0105 stron\u0119. 10.11.2009<\/p>\n<\/div>\n","protected":false},"excerpt":{"rendered":"<p>102Na 2027 zatrzymuje si\u0119 na przystanku Dolmed we Wroc\u0142awiu. Czas si\u0119 tu jakby zatrzyma\u0142, cho\u0107 do dzi\u015b ju\u017c ruszy\u0142 z miejsca, a linia 20, cho\u0107 wci\u0105\u017c t\u0119dy je\u017adzi, to zmieni\u0142a kierunki &#8211; teraz na Opor\u00f3w jedzie si\u0119 w przeciwn\u0105 stron\u0119. 10.11.2009<\/p>\n","protected":false},"author":1,"featured_media":18736,"comment_status":"open","ping_status":"","sticky":false,"template":"","format":"standard","meta":{"footnotes":""},"categories":[169,3],"tags":[1413,309,151,42,27,41],"class_list":["post-18735","post","type-post","status-publish","format-standard","has-post-thumbnail","hentry","category-rok-2009","category-tramwaj","tag-2009-11-10","tag-konstal-102na","tag-ludzie","tag-mpk-wroclaw","tag-polska","tag-wroclaw"],"_links":{"self":[{"href":"http:\/\/wgphoto.pl\/t\/index.php?rest_route=\/wp\/v2\/posts\/18735","targetHints":{"allow":["GET"]}}],"collection":[{"href":"http:\/\/wgphoto.pl\/t\/index.php?rest_route=\/wp\/v2\/posts"}],"about":[{"href":"http:\/\/wgphoto.pl\/t\/index.php?rest_route=\/wp\/v2\/types\/post"}],"author":[{"embeddable":true,"href":"http:\/\/wgphoto.pl\/t\/index.php?rest_route=\/wp\/v2\/users\/1"}],"replies":[{"embeddable":true,"href":"http:\/\/wgphoto.pl\/t\/index.php?rest_route=%2Fwp%2Fv2%2Fcomments&post=18735"}],"version-history":[{"count":1,"href":"http:\/\/wgphoto.pl\/t\/index.php?rest_route=\/wp\/v2\/posts\/18735\/revisions"}],"predecessor-version":[{"id":18737,"href":"http:\/\/wgphoto.pl\/t\/index.php?rest_route=\/wp\/v2\/posts\/18735\/revisions\/18737"}],"wp:featuredmedia":[{"embeddable":true,"href":"http:\/\/wgphoto.pl\/t\/index.php?rest_route=\/wp\/v2\/media\/18736"}],"wp:attachment":[{"href":"http:\/\/wgphoto.pl\/t\/index.php?rest_route=%2Fwp%2Fv2%2Fmedia&parent=18735"}],"wp:term":[{"taxonomy":"category","embeddable":true,"href":"http:\/\/wgphoto.pl\/t\/index.php?rest_route=%2Fwp%2Fv2%2Fcategories&post=18735"},{"taxonomy":"post_tag","embeddable":true,"href":"http:\/\/wgphoto.pl\/t\/index.php?rest_route=%2Fwp%2Fv2%2Ftags&post=18735"}],"curies":[{"name":"wp","href":"https:\/\/api.w.org\/{rel}","templated":true}]}}