{"id":18738,"date":"2025-06-16T18:06:36","date_gmt":"2025-06-16T16:06:36","guid":{"rendered":"https:\/\/wgphoto.pl\/t\/?p=18738"},"modified":"2025-06-16T18:06:36","modified_gmt":"2025-06-16T16:06:36","slug":"sestkolak-pod-tatrami","status":"publish","type":"post","link":"http:\/\/wgphoto.pl\/t\/?p=18738","title":{"rendered":"\u0160es\u0165kol\u00e1k pod Tatrami"},"content":{"rendered":"\n<figure class=\"wp-block-image aligncenter size-full\"><img loading=\"lazy\" decoding=\"async\" width=\"1300\" height=\"861\" src=\"https:\/\/wgphoto.pl\/t\/wp-content\/uploads\/2025\/06\/IMGP7841.jpg\" alt=\"\" class=\"wp-image-18739\" srcset=\"http:\/\/wgphoto.pl\/t\/wp-content\/uploads\/2025\/06\/IMGP7841.jpg 1300w, http:\/\/wgphoto.pl\/t\/wp-content\/uploads\/2025\/06\/IMGP7841-300x199.jpg 300w, http:\/\/wgphoto.pl\/t\/wp-content\/uploads\/2025\/06\/IMGP7841-768x509.jpg 768w\" sizes=\"auto, (max-width: 1300px) 100vw, 1300px\" \/><\/figure>\n\n\n\n<div class=\"wp-block-group has-global-padding is-layout-constrained wp-block-group-is-layout-constrained\">\n<p>183.041-3 mija o poranku wie\u015b Letanovce, sk\u0105d tego dnia rozpo\u015bciera\u0142 si\u0119 pi\u0119kny widok na Wysokie Tatry. 19.05.2022<\/p>\n<\/div>\n","protected":false},"excerpt":{"rendered":"<p>183.041-3 mija o poranku wie\u015b Letanovce, sk\u0105d tego dnia rozpo\u015bciera\u0142 si\u0119 pi\u0119kny widok na Wysokie Tatry. 19.05.2022<\/p>\n","protected":false},"author":1,"featured_media":18739,"comment_status":"open","ping_status":"","sticky":false,"template":"","format":"standard","meta":{"footnotes":""},"categories":[2,669],"tags":[4038,2171,2169,114,113,2792,176,675,469],"class_list":["post-18738","post","type-post","status-publish","format-standard","has-post-thumbnail","hentry","category-kolej","category-rok-2022","tag-4038","tag-2022-05-19","tag-druga-majowka-2022","tag-gory","tag-landszaft","tag-letanovce","tag-rano","tag-slowacja","tag-zssk"],"_links":{"self":[{"href":"http:\/\/wgphoto.pl\/t\/index.php?rest_route=\/wp\/v2\/posts\/18738","targetHints":{"allow":["GET"]}}],"collection":[{"href":"http:\/\/wgphoto.pl\/t\/index.php?rest_route=\/wp\/v2\/posts"}],"about":[{"href":"http:\/\/wgphoto.pl\/t\/index.php?rest_route=\/wp\/v2\/types\/post"}],"author":[{"embeddable":true,"href":"http:\/\/wgphoto.pl\/t\/index.php?rest_route=\/wp\/v2\/users\/1"}],"replies":[{"embeddable":true,"href":"http:\/\/wgphoto.pl\/t\/index.php?rest_route=%2Fwp%2Fv2%2Fcomments&post=18738"}],"version-history":[{"count":1,"href":"http:\/\/wgphoto.pl\/t\/index.php?rest_route=\/wp\/v2\/posts\/18738\/revisions"}],"predecessor-version":[{"id":18740,"href":"http:\/\/wgphoto.pl\/t\/index.php?rest_route=\/wp\/v2\/posts\/18738\/revisions\/18740"}],"wp:featuredmedia":[{"embeddable":true,"href":"http:\/\/wgphoto.pl\/t\/index.php?rest_route=\/wp\/v2\/media\/18739"}],"wp:attachment":[{"href":"http:\/\/wgphoto.pl\/t\/index.php?rest_route=%2Fwp%2Fv2%2Fmedia&parent=18738"}],"wp:term":[{"taxonomy":"category","embeddable":true,"href":"http:\/\/wgphoto.pl\/t\/index.php?rest_route=%2Fwp%2Fv2%2Fcategories&post=18738"},{"taxonomy":"post_tag","embeddable":true,"href":"http:\/\/wgphoto.pl\/t\/index.php?rest_route=%2Fwp%2Fv2%2Ftags&post=18738"}],"curies":[{"name":"wp","href":"https:\/\/api.w.org\/{rel}","templated":true}]}}