{"id":18753,"date":"2025-06-16T18:11:45","date_gmt":"2025-06-16T16:11:45","guid":{"rendered":"https:\/\/wgphoto.pl\/t\/?p=18753"},"modified":"2025-06-16T18:11:45","modified_gmt":"2025-06-16T16:11:45","slug":"tatrzanski-potrojniak","status":"publish","type":"post","link":"http:\/\/wgphoto.pl\/t\/?p=18753","title":{"rendered":"Tatrza\u0144ski potr\u00f3jniak"},"content":{"rendered":"\n<figure class=\"wp-block-image aligncenter size-full\"><img loading=\"lazy\" decoding=\"async\" width=\"1300\" height=\"861\" src=\"https:\/\/wgphoto.pl\/t\/wp-content\/uploads\/2025\/06\/IMGP0535.jpg\" alt=\"\" class=\"wp-image-18754\" srcset=\"http:\/\/wgphoto.pl\/t\/wp-content\/uploads\/2025\/06\/IMGP0535.jpg 1300w, http:\/\/wgphoto.pl\/t\/wp-content\/uploads\/2025\/06\/IMGP0535-300x199.jpg 300w, http:\/\/wgphoto.pl\/t\/wp-content\/uploads\/2025\/06\/IMGP0535-768x509.jpg 768w\" sizes=\"auto, (max-width: 1300px) 100vw, 1300px\" \/><\/figure>\n\n\n\n<div class=\"wp-block-group has-global-padding is-layout-constrained wp-block-group-is-layout-constrained\">\n<p>Brno, Palack\u00e9ho t\u0159\u00edda, potr\u00f3jny sk\u0142ad wagon\u00f3w T6A5 nr 1205+1206+1204 w planowej obs\u0142udze jednego z zada\u0144 linii 1. Tego dnia je\u017adzi\u0142y, zdaje si\u0119, trzy potr\u00f3jniaki. 11.11.2022<\/p>\n<\/div>\n","protected":false},"excerpt":{"rendered":"<p>Brno, Palack\u00e9ho t\u0159\u00edda, potr\u00f3jny sk\u0142ad wagon\u00f3w T6A5 nr 1205+1206+1204 w planowej obs\u0142udze jednego z zada\u0144 linii 1. Tego dnia je\u017adzi\u0142y, zdaje si\u0119, trzy potr\u00f3jniaki. 11.11.2022<\/p>\n","protected":false},"author":1,"featured_media":18754,"comment_status":"open","ping_status":"","sticky":false,"template":"","format":"standard","meta":{"footnotes":""},"categories":[669,3],"tags":[4021,328,49,330,3729,118,135,841],"class_list":["post-18753","post","type-post","status-publish","format-standard","has-post-thumbnail","hentry","category-rok-2022","category-tramwaj","tag-2022-11-11","tag-brno","tag-czechy","tag-dpmb-brno","tag-morawy-2022","tag-plany-i-profile","tag-potrojniak","tag-tatra-t6"],"_links":{"self":[{"href":"http:\/\/wgphoto.pl\/t\/index.php?rest_route=\/wp\/v2\/posts\/18753","targetHints":{"allow":["GET"]}}],"collection":[{"href":"http:\/\/wgphoto.pl\/t\/index.php?rest_route=\/wp\/v2\/posts"}],"about":[{"href":"http:\/\/wgphoto.pl\/t\/index.php?rest_route=\/wp\/v2\/types\/post"}],"author":[{"embeddable":true,"href":"http:\/\/wgphoto.pl\/t\/index.php?rest_route=\/wp\/v2\/users\/1"}],"replies":[{"embeddable":true,"href":"http:\/\/wgphoto.pl\/t\/index.php?rest_route=%2Fwp%2Fv2%2Fcomments&post=18753"}],"version-history":[{"count":1,"href":"http:\/\/wgphoto.pl\/t\/index.php?rest_route=\/wp\/v2\/posts\/18753\/revisions"}],"predecessor-version":[{"id":18755,"href":"http:\/\/wgphoto.pl\/t\/index.php?rest_route=\/wp\/v2\/posts\/18753\/revisions\/18755"}],"wp:featuredmedia":[{"embeddable":true,"href":"http:\/\/wgphoto.pl\/t\/index.php?rest_route=\/wp\/v2\/media\/18754"}],"wp:attachment":[{"href":"http:\/\/wgphoto.pl\/t\/index.php?rest_route=%2Fwp%2Fv2%2Fmedia&parent=18753"}],"wp:term":[{"taxonomy":"category","embeddable":true,"href":"http:\/\/wgphoto.pl\/t\/index.php?rest_route=%2Fwp%2Fv2%2Fcategories&post=18753"},{"taxonomy":"post_tag","embeddable":true,"href":"http:\/\/wgphoto.pl\/t\/index.php?rest_route=%2Fwp%2Fv2%2Ftags&post=18753"}],"curies":[{"name":"wp","href":"https:\/\/api.w.org\/{rel}","templated":true}]}}