{"id":18812,"date":"2025-06-17T10:56:21","date_gmt":"2025-06-17T08:56:21","guid":{"rendered":"https:\/\/wgphoto.pl\/t\/?p=18812"},"modified":"2025-06-17T10:56:21","modified_gmt":"2025-06-17T08:56:21","slug":"ep05-23-w-katowicach","status":"publish","type":"post","link":"http:\/\/wgphoto.pl\/t\/?p=18812","title":{"rendered":"EP05-23 w Katowicach"},"content":{"rendered":"\n<figure class=\"wp-block-image aligncenter size-full\"><img loading=\"lazy\" decoding=\"async\" width=\"1300\" height=\"862\" src=\"https:\/\/wgphoto.pl\/t\/wp-content\/uploads\/2025\/06\/0420-13.jpg\" alt=\"\" class=\"wp-image-18813\" srcset=\"http:\/\/wgphoto.pl\/t\/wp-content\/uploads\/2025\/06\/0420-13.jpg 1300w, http:\/\/wgphoto.pl\/t\/wp-content\/uploads\/2025\/06\/0420-13-300x199.jpg 300w, http:\/\/wgphoto.pl\/t\/wp-content\/uploads\/2025\/06\/0420-13-768x509.jpg 768w\" sizes=\"auto, (max-width: 1300px) 100vw, 1300px\" \/><\/figure>\n\n\n\n<div class=\"wp-block-group has-global-padding is-layout-constrained wp-block-group-is-layout-constrained\">\n<p>EP05-23 z poci\u0105giem Ex 4112 &#8222;Wis\u0142a&#8221; relacji Wis\u0142a G\u0142\u0119bce &#8211; Warszawa Wschodnia w czasie postoju w Katowicach. 08.08.2004<\/p>\n<\/div>\n","protected":false},"excerpt":{"rendered":"<p>EP05-23 z poci\u0105giem Ex 4112 &#8222;Wis\u0142a&#8221; relacji Wis\u0142a G\u0142\u0119bce &#8211; Warszawa Wschodnia w czasie postoju w Katowicach. 08.08.2004<\/p>\n","protected":false},"author":1,"featured_media":18813,"comment_status":"open","ping_status":"","sticky":false,"template":"","format":"standard","meta":{"footnotes":""},"categories":[62,2,61],"tags":[3341,4044,277,1371,63,27,4045],"class_list":["post-18812","post","type-post","status-publish","format-standard","has-post-thumbnail","hentry","category-analog","category-kolej","category-rok-2004","tag-2004-08-08","tag-ep05","tag-gop","tag-katowice","tag-pkp","tag-polska","tag-tab-pl100"],"_links":{"self":[{"href":"http:\/\/wgphoto.pl\/t\/index.php?rest_route=\/wp\/v2\/posts\/18812","targetHints":{"allow":["GET"]}}],"collection":[{"href":"http:\/\/wgphoto.pl\/t\/index.php?rest_route=\/wp\/v2\/posts"}],"about":[{"href":"http:\/\/wgphoto.pl\/t\/index.php?rest_route=\/wp\/v2\/types\/post"}],"author":[{"embeddable":true,"href":"http:\/\/wgphoto.pl\/t\/index.php?rest_route=\/wp\/v2\/users\/1"}],"replies":[{"embeddable":true,"href":"http:\/\/wgphoto.pl\/t\/index.php?rest_route=%2Fwp%2Fv2%2Fcomments&post=18812"}],"version-history":[{"count":1,"href":"http:\/\/wgphoto.pl\/t\/index.php?rest_route=\/wp\/v2\/posts\/18812\/revisions"}],"predecessor-version":[{"id":18814,"href":"http:\/\/wgphoto.pl\/t\/index.php?rest_route=\/wp\/v2\/posts\/18812\/revisions\/18814"}],"wp:featuredmedia":[{"embeddable":true,"href":"http:\/\/wgphoto.pl\/t\/index.php?rest_route=\/wp\/v2\/media\/18813"}],"wp:attachment":[{"href":"http:\/\/wgphoto.pl\/t\/index.php?rest_route=%2Fwp%2Fv2%2Fmedia&parent=18812"}],"wp:term":[{"taxonomy":"category","embeddable":true,"href":"http:\/\/wgphoto.pl\/t\/index.php?rest_route=%2Fwp%2Fv2%2Fcategories&post=18812"},{"taxonomy":"post_tag","embeddable":true,"href":"http:\/\/wgphoto.pl\/t\/index.php?rest_route=%2Fwp%2Fv2%2Ftags&post=18812"}],"curies":[{"name":"wp","href":"https:\/\/api.w.org\/{rel}","templated":true}]}}