{"id":18863,"date":"2025-06-17T11:14:04","date_gmt":"2025-06-17T09:14:04","guid":{"rendered":"https:\/\/wgphoto.pl\/t\/?p=18863"},"modified":"2025-06-17T11:14:04","modified_gmt":"2025-06-17T09:14:04","slug":"a-jednak-przesiadka","status":"publish","type":"post","link":"http:\/\/wgphoto.pl\/t\/?p=18863","title":{"rendered":"A jednak przesiadka"},"content":{"rendered":"\n<figure class=\"wp-block-image aligncenter size-full\"><img loading=\"lazy\" decoding=\"async\" width=\"1300\" height=\"861\" src=\"https:\/\/wgphoto.pl\/t\/wp-content\/uploads\/2025\/06\/IMGP9223.jpg\" alt=\"\" class=\"wp-image-18864\" srcset=\"http:\/\/wgphoto.pl\/t\/wp-content\/uploads\/2025\/06\/IMGP9223.jpg 1300w, http:\/\/wgphoto.pl\/t\/wp-content\/uploads\/2025\/06\/IMGP9223-300x199.jpg 300w, http:\/\/wgphoto.pl\/t\/wp-content\/uploads\/2025\/06\/IMGP9223-768x509.jpg 768w\" sizes=\"auto, (max-width: 1300px) 100vw, 1300px\" \/><\/figure>\n\n\n\n<div class=\"wp-block-group has-global-padding is-layout-constrained wp-block-group-is-layout-constrained\">\n<p>Motoraki 812.054 i 812.005 na stacji Tisovec. Pierwszy przyjecha\u0142 jako poci\u0105g z Rymawskiej Soboty, drugi pojedzie do Brezna. Zdaje si\u0119, \u017ce w rozk\u0142adzie jazdy oba kursy oznaczone by\u0142y jako wagony bezpo\u015brednie (tzn. dzielona relacja na jednym poje\u017adzie), ale ostatecznie konieczna by\u0142a przesiadka, kt\u00f3rej dokonuj\u0105 w\u0142a\u015bnie pasa\u017cerowie widoczni w tle, a ja si\u0119 jeszcze niespiesznie cofn\u0105\u0142em na foto, gdy\u017c ca\u0142a operacja trwa\u0142a rozk\u0142adowo kilkana\u015bcie minut. 11.08.2020<\/p>\n<\/div>\n","protected":false},"excerpt":{"rendered":"<p>Motoraki 812.054 i 812.005 na stacji Tisovec. Pierwszy przyjecha\u0142 jako poci\u0105g z Rymawskiej Soboty, drugi pojedzie do Brezna. Zdaje si\u0119, \u017ce w rozk\u0142adzie jazdy oba kursy oznaczone by\u0142y jako wagony bezpo\u015brednie (tzn. dzielona relacja na jednym poje\u017adzie), ale ostatecznie konieczna by\u0142a przesiadka, kt\u00f3rej dokonuj\u0105 w\u0142a\u015bnie pasa\u017cerowie widoczni w tle, a ja si\u0119 jeszcze niespiesznie cofn\u0105\u0142em [&hellip;]<\/p>\n","protected":false},"author":1,"featured_media":18864,"comment_status":"open","ping_status":"","sticky":false,"template":"","format":"standard","meta":{"footnotes":""},"categories":[2,676],"tags":[1915,1906,114,173,196,678,675,4052,469],"class_list":["post-18863","post","type-post","status-publish","format-standard","has-post-thumbnail","hentry","category-kolej","category-rok-2020","tag-2020-08-11","tag-1906","tag-gory","tag-koncowki","tag-linie-raczej-lokalne","tag-slovensko-uhersko-2020","tag-slowacja","tag-tisovec","tag-zssk"],"_links":{"self":[{"href":"http:\/\/wgphoto.pl\/t\/index.php?rest_route=\/wp\/v2\/posts\/18863","targetHints":{"allow":["GET"]}}],"collection":[{"href":"http:\/\/wgphoto.pl\/t\/index.php?rest_route=\/wp\/v2\/posts"}],"about":[{"href":"http:\/\/wgphoto.pl\/t\/index.php?rest_route=\/wp\/v2\/types\/post"}],"author":[{"embeddable":true,"href":"http:\/\/wgphoto.pl\/t\/index.php?rest_route=\/wp\/v2\/users\/1"}],"replies":[{"embeddable":true,"href":"http:\/\/wgphoto.pl\/t\/index.php?rest_route=%2Fwp%2Fv2%2Fcomments&post=18863"}],"version-history":[{"count":1,"href":"http:\/\/wgphoto.pl\/t\/index.php?rest_route=\/wp\/v2\/posts\/18863\/revisions"}],"predecessor-version":[{"id":18865,"href":"http:\/\/wgphoto.pl\/t\/index.php?rest_route=\/wp\/v2\/posts\/18863\/revisions\/18865"}],"wp:featuredmedia":[{"embeddable":true,"href":"http:\/\/wgphoto.pl\/t\/index.php?rest_route=\/wp\/v2\/media\/18864"}],"wp:attachment":[{"href":"http:\/\/wgphoto.pl\/t\/index.php?rest_route=%2Fwp%2Fv2%2Fmedia&parent=18863"}],"wp:term":[{"taxonomy":"category","embeddable":true,"href":"http:\/\/wgphoto.pl\/t\/index.php?rest_route=%2Fwp%2Fv2%2Fcategories&post=18863"},{"taxonomy":"post_tag","embeddable":true,"href":"http:\/\/wgphoto.pl\/t\/index.php?rest_route=%2Fwp%2Fv2%2Ftags&post=18863"}],"curies":[{"name":"wp","href":"https:\/\/api.w.org\/{rel}","templated":true}]}}