{"id":18902,"date":"2025-06-17T11:27:45","date_gmt":"2025-06-17T09:27:45","guid":{"rendered":"https:\/\/wgphoto.pl\/t\/?p=18902"},"modified":"2025-06-17T11:27:45","modified_gmt":"2025-06-17T09:27:45","slug":"dobre-rano-prago","status":"publish","type":"post","link":"http:\/\/wgphoto.pl\/t\/?p=18902","title":{"rendered":"Dobre rano, Prago"},"content":{"rendered":"\n<figure class=\"wp-block-image aligncenter size-full\"><img loading=\"lazy\" decoding=\"async\" width=\"1300\" height=\"870\" src=\"https:\/\/wgphoto.pl\/t\/wp-content\/uploads\/2025\/06\/IMGP2065.jpg\" alt=\"\" class=\"wp-image-18903\" srcset=\"http:\/\/wgphoto.pl\/t\/wp-content\/uploads\/2025\/06\/IMGP2065.jpg 1300w, http:\/\/wgphoto.pl\/t\/wp-content\/uploads\/2025\/06\/IMGP2065-300x201.jpg 300w, http:\/\/wgphoto.pl\/t\/wp-content\/uploads\/2025\/06\/IMGP2065-768x514.jpg 768w\" sizes=\"auto, (max-width: 1300px) 100vw, 1300px\" \/><\/figure>\n\n\n\n<div class=\"wp-block-group has-global-padding is-layout-constrained wp-block-group-is-layout-constrained\">\n<p>Praga, N\u00e1b\u0159e\u017e\u00ed Edvarda Bene\u0161e, sk\u0142ad T3R.P 8416+8422. W tle, opr\u00f3cz w\u00f3d We\u0142tawy, mo\u017cna podziwia\u0107 wzg\u00f3rze Pet\u0159\u00edn z charakterystyczn\u0105 wie\u017c\u0105, fragment zamku wraz z katedr\u0105, most Czecha oraz pomniejsze zabudowania Malej Strany, a to wszystko w ostrym s\u0142o\u0144cu wczesnego poranka. 09.07.2011<\/p>\n<\/div>\n","protected":false},"excerpt":{"rendered":"<p>Praga, N\u00e1b\u0159e\u017e\u00ed Edvarda Bene\u0161e, sk\u0142ad T3R.P 8416+8422. W tle, opr\u00f3cz w\u00f3d We\u0142tawy, mo\u017cna podziwia\u0107 wzg\u00f3rze Pet\u0159\u00edn z charakterystyczn\u0105 wie\u017c\u0105, fragment zamku wraz z katedr\u0105, most Czecha oraz pomniejsze zabudowania Malej Strany, a to wszystko w ostrym s\u0142o\u0144cu wczesnego poranka. 09.07.2011<\/p>\n","protected":false},"author":1,"featured_media":18903,"comment_status":"open","ping_status":"","sticky":false,"template":"","format":"standard","meta":{"footnotes":""},"categories":[77,3],"tags":[1048,49,1049,113,52,176,73,1011],"class_list":["post-18902","post","type-post","status-publish","format-standard","has-post-thumbnail","hentry","category-rok-2011","category-tramwaj","tag-2011-07-09","tag-czechy","tag-dp-praha","tag-landszaft","tag-praga","tag-rano","tag-rzeka","tag-tatra-t3"],"_links":{"self":[{"href":"http:\/\/wgphoto.pl\/t\/index.php?rest_route=\/wp\/v2\/posts\/18902","targetHints":{"allow":["GET"]}}],"collection":[{"href":"http:\/\/wgphoto.pl\/t\/index.php?rest_route=\/wp\/v2\/posts"}],"about":[{"href":"http:\/\/wgphoto.pl\/t\/index.php?rest_route=\/wp\/v2\/types\/post"}],"author":[{"embeddable":true,"href":"http:\/\/wgphoto.pl\/t\/index.php?rest_route=\/wp\/v2\/users\/1"}],"replies":[{"embeddable":true,"href":"http:\/\/wgphoto.pl\/t\/index.php?rest_route=%2Fwp%2Fv2%2Fcomments&post=18902"}],"version-history":[{"count":1,"href":"http:\/\/wgphoto.pl\/t\/index.php?rest_route=\/wp\/v2\/posts\/18902\/revisions"}],"predecessor-version":[{"id":18904,"href":"http:\/\/wgphoto.pl\/t\/index.php?rest_route=\/wp\/v2\/posts\/18902\/revisions\/18904"}],"wp:featuredmedia":[{"embeddable":true,"href":"http:\/\/wgphoto.pl\/t\/index.php?rest_route=\/wp\/v2\/media\/18903"}],"wp:attachment":[{"href":"http:\/\/wgphoto.pl\/t\/index.php?rest_route=%2Fwp%2Fv2%2Fmedia&parent=18902"}],"wp:term":[{"taxonomy":"category","embeddable":true,"href":"http:\/\/wgphoto.pl\/t\/index.php?rest_route=%2Fwp%2Fv2%2Fcategories&post=18902"},{"taxonomy":"post_tag","embeddable":true,"href":"http:\/\/wgphoto.pl\/t\/index.php?rest_route=%2Fwp%2Fv2%2Ftags&post=18902"}],"curies":[{"name":"wp","href":"https:\/\/api.w.org\/{rel}","templated":true}]}}