{"id":18905,"date":"2025-06-17T11:28:34","date_gmt":"2025-06-17T09:28:34","guid":{"rendered":"https:\/\/wgphoto.pl\/t\/?p=18905"},"modified":"2025-06-17T11:28:34","modified_gmt":"2025-06-17T09:28:34","slug":"dobre-rano-prago-2","status":"publish","type":"post","link":"http:\/\/wgphoto.pl\/t\/?p=18905","title":{"rendered":"Dobre rano, Prago (2)"},"content":{"rendered":"\n<figure class=\"wp-block-image aligncenter size-full\"><img loading=\"lazy\" decoding=\"async\" width=\"1200\" height=\"900\" src=\"https:\/\/wgphoto.pl\/t\/wp-content\/uploads\/2025\/06\/IMGP6621-1.jpg\" alt=\"\" class=\"wp-image-18906\" srcset=\"http:\/\/wgphoto.pl\/t\/wp-content\/uploads\/2025\/06\/IMGP6621-1.jpg 1200w, http:\/\/wgphoto.pl\/t\/wp-content\/uploads\/2025\/06\/IMGP6621-1-300x225.jpg 300w, http:\/\/wgphoto.pl\/t\/wp-content\/uploads\/2025\/06\/IMGP6621-1-768x576.jpg 768w\" sizes=\"auto, (max-width: 1200px) 100vw, 1200px\" \/><\/figure>\n\n\n\n<div class=\"wp-block-group has-global-padding is-layout-constrained wp-block-group-is-layout-constrained\">\n<p>Praga, N\u00e1b\u0159e\u017e\u00ed Kapit\u00e1na Jaro\u0161e, Tatra KT8D5.RN2P 9058. To inna wersja poprzedniego kadru, wykonana kilkaset metr\u00f3w dalej i tym razem w \u015bwietle wczesnowiosennego poranka, kiedy wiosna chcia\u0142aby ju\u017c by\u0107 kolorowa, ale pomimo pe\u0142nego s\u0142o\u0144ca wci\u0105\u017c barwy przyrody s\u0105 md\u0142e. 26.03.2022<\/p>\n<\/div>\n","protected":false},"excerpt":{"rendered":"<p>Praga, N\u00e1b\u0159e\u017e\u00ed Kapit\u00e1na Jaro\u0161e, Tatra KT8D5.RN2P 9058. To inna wersja poprzedniego kadru, wykonana kilkaset metr\u00f3w dalej i tym razem w \u015bwietle wczesnowiosennego poranka, kiedy wiosna chcia\u0142aby ju\u017c by\u0107 kolorowa, ale pomimo pe\u0142nego s\u0142o\u0144ca wci\u0105\u017c barwy przyrody s\u0105 md\u0142e. 26.03.2022<\/p>\n","protected":false},"author":1,"featured_media":18906,"comment_status":"open","ping_status":"","sticky":false,"template":"","format":"standard","meta":{"footnotes":""},"categories":[669,3],"tags":[2778,49,1049,113,52,176,1075],"class_list":["post-18905","post","type-post","status-publish","format-standard","has-post-thumbnail","hentry","category-rok-2022","category-tramwaj","tag-2022-03-26","tag-czechy","tag-dp-praha","tag-landszaft","tag-praga","tag-rano","tag-tatra-kt8"],"_links":{"self":[{"href":"http:\/\/wgphoto.pl\/t\/index.php?rest_route=\/wp\/v2\/posts\/18905","targetHints":{"allow":["GET"]}}],"collection":[{"href":"http:\/\/wgphoto.pl\/t\/index.php?rest_route=\/wp\/v2\/posts"}],"about":[{"href":"http:\/\/wgphoto.pl\/t\/index.php?rest_route=\/wp\/v2\/types\/post"}],"author":[{"embeddable":true,"href":"http:\/\/wgphoto.pl\/t\/index.php?rest_route=\/wp\/v2\/users\/1"}],"replies":[{"embeddable":true,"href":"http:\/\/wgphoto.pl\/t\/index.php?rest_route=%2Fwp%2Fv2%2Fcomments&post=18905"}],"version-history":[{"count":1,"href":"http:\/\/wgphoto.pl\/t\/index.php?rest_route=\/wp\/v2\/posts\/18905\/revisions"}],"predecessor-version":[{"id":18907,"href":"http:\/\/wgphoto.pl\/t\/index.php?rest_route=\/wp\/v2\/posts\/18905\/revisions\/18907"}],"wp:featuredmedia":[{"embeddable":true,"href":"http:\/\/wgphoto.pl\/t\/index.php?rest_route=\/wp\/v2\/media\/18906"}],"wp:attachment":[{"href":"http:\/\/wgphoto.pl\/t\/index.php?rest_route=%2Fwp%2Fv2%2Fmedia&parent=18905"}],"wp:term":[{"taxonomy":"category","embeddable":true,"href":"http:\/\/wgphoto.pl\/t\/index.php?rest_route=%2Fwp%2Fv2%2Fcategories&post=18905"},{"taxonomy":"post_tag","embeddable":true,"href":"http:\/\/wgphoto.pl\/t\/index.php?rest_route=%2Fwp%2Fv2%2Ftags&post=18905"}],"curies":[{"name":"wp","href":"https:\/\/api.w.org\/{rel}","templated":true}]}}