{"id":18943,"date":"2025-06-25T19:03:04","date_gmt":"2025-06-25T17:03:04","guid":{"rendered":"https:\/\/wgphoto.pl\/t\/?p=18943"},"modified":"2025-06-25T19:03:04","modified_gmt":"2025-06-25T17:03:04","slug":"to-jest-przod-pociagu","status":"publish","type":"post","link":"http:\/\/wgphoto.pl\/t\/?p=18943","title":{"rendered":"To jest prz\u00f3d poci\u0105gu"},"content":{"rendered":"\n<figure class=\"wp-block-image aligncenter size-full\"><img loading=\"lazy\" decoding=\"async\" width=\"1400\" height=\"927\" src=\"https:\/\/wgphoto.pl\/t\/wp-content\/uploads\/2025\/06\/IMGP3079.jpg\" alt=\"\" class=\"wp-image-18944\" srcset=\"http:\/\/wgphoto.pl\/t\/wp-content\/uploads\/2025\/06\/IMGP3079.jpg 1400w, http:\/\/wgphoto.pl\/t\/wp-content\/uploads\/2025\/06\/IMGP3079-300x199.jpg 300w, http:\/\/wgphoto.pl\/t\/wp-content\/uploads\/2025\/06\/IMGP3079-768x509.jpg 768w\" sizes=\"auto, (max-width: 1400px) 100vw, 1400px\" \/><\/figure>\n\n\n\n<div class=\"wp-block-group has-global-padding is-layout-constrained wp-block-group-is-layout-constrained\">\n<p>Poci\u0105g regionalny z Palermo Centrale jedzie brzegiem Morza Tyrre\u0144skiego i za par\u0119 minut obs\u0142u\u017cy przystanek San Nicola Tonnara. Sta\u0142e zestawienia z wagonem sterowniczym, zawsze od tej samej strony, mo\u017ce i s\u0105 fajne, pod warunkiem \u017ce jest to ta w\u0142a\u015bciwa strona do planowanego uj\u0119cia. 28.03.2019<\/p>\n<\/div>\n","protected":false},"excerpt":{"rendered":"<p>Poci\u0105g regionalny z Palermo Centrale jedzie brzegiem Morza Tyrre\u0144skiego i za par\u0119 minut obs\u0142u\u017cy przystanek San Nicola Tonnara. Sta\u0142e zestawienia z wagonem sterowniczym, zawsze od tej samej strony, mo\u017ce i s\u0105 fajne, pod warunkiem \u017ce jest to ta w\u0142a\u015bciwa strona do planowanego uj\u0119cia. 28.03.2019<\/p>\n","protected":false},"author":1,"featured_media":18944,"comment_status":"open","ping_status":"","sticky":false,"template":"","format":"standard","meta":{"footnotes":""},"categories":[2,136],"tags":[429,428,112,116,427,422,1869,110],"class_list":["post-18943","post","type-post","status-publish","format-standard","has-post-thumbnail","hentry","category-kolej","category-rok-2019","tag-2019-03-28","tag-altavilla-milicia","tag-fs","tag-morze","tag-san-nicola-tonnara","tag-sycylia","tag-wagon-sterowniczy","tag-wlochy"],"_links":{"self":[{"href":"http:\/\/wgphoto.pl\/t\/index.php?rest_route=\/wp\/v2\/posts\/18943","targetHints":{"allow":["GET"]}}],"collection":[{"href":"http:\/\/wgphoto.pl\/t\/index.php?rest_route=\/wp\/v2\/posts"}],"about":[{"href":"http:\/\/wgphoto.pl\/t\/index.php?rest_route=\/wp\/v2\/types\/post"}],"author":[{"embeddable":true,"href":"http:\/\/wgphoto.pl\/t\/index.php?rest_route=\/wp\/v2\/users\/1"}],"replies":[{"embeddable":true,"href":"http:\/\/wgphoto.pl\/t\/index.php?rest_route=%2Fwp%2Fv2%2Fcomments&post=18943"}],"version-history":[{"count":1,"href":"http:\/\/wgphoto.pl\/t\/index.php?rest_route=\/wp\/v2\/posts\/18943\/revisions"}],"predecessor-version":[{"id":18945,"href":"http:\/\/wgphoto.pl\/t\/index.php?rest_route=\/wp\/v2\/posts\/18943\/revisions\/18945"}],"wp:featuredmedia":[{"embeddable":true,"href":"http:\/\/wgphoto.pl\/t\/index.php?rest_route=\/wp\/v2\/media\/18944"}],"wp:attachment":[{"href":"http:\/\/wgphoto.pl\/t\/index.php?rest_route=%2Fwp%2Fv2%2Fmedia&parent=18943"}],"wp:term":[{"taxonomy":"category","embeddable":true,"href":"http:\/\/wgphoto.pl\/t\/index.php?rest_route=%2Fwp%2Fv2%2Fcategories&post=18943"},{"taxonomy":"post_tag","embeddable":true,"href":"http:\/\/wgphoto.pl\/t\/index.php?rest_route=%2Fwp%2Fv2%2Ftags&post=18943"}],"curies":[{"name":"wp","href":"https:\/\/api.w.org\/{rel}","templated":true}]}}