{"id":18952,"date":"2025-06-27T20:54:53","date_gmt":"2025-06-27T18:54:53","guid":{"rendered":"https:\/\/wgphoto.pl\/t\/?p=18952"},"modified":"2025-06-27T20:54:53","modified_gmt":"2025-06-27T18:54:53","slug":"urocza-nazwa-ulicy","status":"publish","type":"post","link":"http:\/\/wgphoto.pl\/t\/?p=18952","title":{"rendered":"Urocza nazwa ulicy"},"content":{"rendered":"\n<figure class=\"wp-block-image aligncenter size-full\"><img loading=\"lazy\" decoding=\"async\" width=\"1300\" height=\"862\" src=\"https:\/\/wgphoto.pl\/t\/wp-content\/uploads\/2025\/06\/0302-28A.jpg\" alt=\"\" class=\"wp-image-18953\" srcset=\"http:\/\/wgphoto.pl\/t\/wp-content\/uploads\/2025\/06\/0302-28A.jpg 1300w, http:\/\/wgphoto.pl\/t\/wp-content\/uploads\/2025\/06\/0302-28A-300x199.jpg 300w, http:\/\/wgphoto.pl\/t\/wp-content\/uploads\/2025\/06\/0302-28A-768x509.jpg 768w\" sizes=\"auto, (max-width: 1300px) 100vw, 1300px\" \/><\/figure>\n\n\n\n<div class=\"wp-block-group has-global-padding is-layout-constrained wp-block-group-is-layout-constrained\">\n<p>Gda\u0144sk, ul. Strajku Doker\u00f3w. Uroczy z\u0142omek 105Na 1285+1286. 05.02.2003<\/p>\n<\/div>\n","protected":false},"excerpt":{"rendered":"<p>Gda\u0144sk, ul. Strajku Doker\u00f3w. Uroczy z\u0142omek 105Na 1285+1286. 05.02.2003<\/p>\n","protected":false},"author":1,"featured_media":18953,"comment_status":"open","ping_status":"","sticky":false,"template":"","format":"standard","meta":{"footnotes":""},"categories":[62,149,3],"tags":[155,910,907,151,27,219,44,480],"class_list":["post-18952","post","type-post","status-publish","format-standard","has-post-thumbnail","hentry","category-analog","category-rok-2003","category-tramwaj","tag-105na","tag-2003-02-05","tag-gdansk","tag-ludzie","tag-polska","tag-przystanek","tag-snieg","tag-zkm-gdansk"],"_links":{"self":[{"href":"http:\/\/wgphoto.pl\/t\/index.php?rest_route=\/wp\/v2\/posts\/18952","targetHints":{"allow":["GET"]}}],"collection":[{"href":"http:\/\/wgphoto.pl\/t\/index.php?rest_route=\/wp\/v2\/posts"}],"about":[{"href":"http:\/\/wgphoto.pl\/t\/index.php?rest_route=\/wp\/v2\/types\/post"}],"author":[{"embeddable":true,"href":"http:\/\/wgphoto.pl\/t\/index.php?rest_route=\/wp\/v2\/users\/1"}],"replies":[{"embeddable":true,"href":"http:\/\/wgphoto.pl\/t\/index.php?rest_route=%2Fwp%2Fv2%2Fcomments&post=18952"}],"version-history":[{"count":1,"href":"http:\/\/wgphoto.pl\/t\/index.php?rest_route=\/wp\/v2\/posts\/18952\/revisions"}],"predecessor-version":[{"id":18954,"href":"http:\/\/wgphoto.pl\/t\/index.php?rest_route=\/wp\/v2\/posts\/18952\/revisions\/18954"}],"wp:featuredmedia":[{"embeddable":true,"href":"http:\/\/wgphoto.pl\/t\/index.php?rest_route=\/wp\/v2\/media\/18953"}],"wp:attachment":[{"href":"http:\/\/wgphoto.pl\/t\/index.php?rest_route=%2Fwp%2Fv2%2Fmedia&parent=18952"}],"wp:term":[{"taxonomy":"category","embeddable":true,"href":"http:\/\/wgphoto.pl\/t\/index.php?rest_route=%2Fwp%2Fv2%2Fcategories&post=18952"},{"taxonomy":"post_tag","embeddable":true,"href":"http:\/\/wgphoto.pl\/t\/index.php?rest_route=%2Fwp%2Fv2%2Ftags&post=18952"}],"curies":[{"name":"wp","href":"https:\/\/api.w.org\/{rel}","templated":true}]}}