{"id":18958,"date":"2025-06-27T20:56:31","date_gmt":"2025-06-27T18:56:31","guid":{"rendered":"https:\/\/wgphoto.pl\/t\/?p=18958"},"modified":"2025-06-27T20:56:31","modified_gmt":"2025-06-27T18:56:31","slug":"stopiatki-pod-stocznia","status":"publish","type":"post","link":"http:\/\/wgphoto.pl\/t\/?p=18958","title":{"rendered":"Stopi\u0105tki pod stoczni\u0105"},"content":{"rendered":"\n<figure class=\"wp-block-image aligncenter size-full\"><img loading=\"lazy\" decoding=\"async\" width=\"773\" height=\"1000\" src=\"https:\/\/wgphoto.pl\/t\/wp-content\/uploads\/2025\/06\/0302-21A.jpg\" alt=\"\" class=\"wp-image-18959\" srcset=\"http:\/\/wgphoto.pl\/t\/wp-content\/uploads\/2025\/06\/0302-21A.jpg 773w, http:\/\/wgphoto.pl\/t\/wp-content\/uploads\/2025\/06\/0302-21A-232x300.jpg 232w, http:\/\/wgphoto.pl\/t\/wp-content\/uploads\/2025\/06\/0302-21A-768x994.jpg 768w\" sizes=\"auto, (max-width: 773px) 100vw, 773px\" \/><\/figure>\n\n\n\n<div class=\"wp-block-group has-global-padding is-layout-constrained wp-block-group-is-layout-constrained\">\n<p>Gda\u0144sk, ul. Jana z Kolna, sk\u0142ad 105Na 1341+1342. Radzieck\u0105 sta\u0142k\u0105 58 mm do Zenita nie by\u0142o \u0142atwo z\u0142apa\u0107 w kadrze kawa\u0142ka stoczni. 05.02.2003<\/p>\n<\/div>\n","protected":false},"excerpt":{"rendered":"<p>Gda\u0144sk, ul. Jana z Kolna, sk\u0142ad 105Na 1341+1342. Radzieck\u0105 sta\u0142k\u0105 58 mm do Zenita nie by\u0142o \u0142atwo z\u0142apa\u0107 w kadrze kawa\u0142ka stoczni. 05.02.2003<\/p>\n","protected":false},"author":1,"featured_media":18959,"comment_status":"open","ping_status":"","sticky":false,"template":"","format":"standard","meta":{"footnotes":""},"categories":[62,128,149,3],"tags":[155,910,907,27,44,480],"class_list":["post-18958","post","type-post","status-publish","format-standard","has-post-thumbnail","hentry","category-analog","category-pionowe","category-rok-2003","category-tramwaj","tag-105na","tag-2003-02-05","tag-gdansk","tag-polska","tag-snieg","tag-zkm-gdansk"],"_links":{"self":[{"href":"http:\/\/wgphoto.pl\/t\/index.php?rest_route=\/wp\/v2\/posts\/18958","targetHints":{"allow":["GET"]}}],"collection":[{"href":"http:\/\/wgphoto.pl\/t\/index.php?rest_route=\/wp\/v2\/posts"}],"about":[{"href":"http:\/\/wgphoto.pl\/t\/index.php?rest_route=\/wp\/v2\/types\/post"}],"author":[{"embeddable":true,"href":"http:\/\/wgphoto.pl\/t\/index.php?rest_route=\/wp\/v2\/users\/1"}],"replies":[{"embeddable":true,"href":"http:\/\/wgphoto.pl\/t\/index.php?rest_route=%2Fwp%2Fv2%2Fcomments&post=18958"}],"version-history":[{"count":1,"href":"http:\/\/wgphoto.pl\/t\/index.php?rest_route=\/wp\/v2\/posts\/18958\/revisions"}],"predecessor-version":[{"id":18960,"href":"http:\/\/wgphoto.pl\/t\/index.php?rest_route=\/wp\/v2\/posts\/18958\/revisions\/18960"}],"wp:featuredmedia":[{"embeddable":true,"href":"http:\/\/wgphoto.pl\/t\/index.php?rest_route=\/wp\/v2\/media\/18959"}],"wp:attachment":[{"href":"http:\/\/wgphoto.pl\/t\/index.php?rest_route=%2Fwp%2Fv2%2Fmedia&parent=18958"}],"wp:term":[{"taxonomy":"category","embeddable":true,"href":"http:\/\/wgphoto.pl\/t\/index.php?rest_route=%2Fwp%2Fv2%2Fcategories&post=18958"},{"taxonomy":"post_tag","embeddable":true,"href":"http:\/\/wgphoto.pl\/t\/index.php?rest_route=%2Fwp%2Fv2%2Ftags&post=18958"}],"curies":[{"name":"wp","href":"https:\/\/api.w.org\/{rel}","templated":true}]}}