{"id":19029,"date":"2025-06-27T21:53:06","date_gmt":"2025-06-27T19:53:06","guid":{"rendered":"https:\/\/wgphoto.pl\/t\/?p=19029"},"modified":"2025-06-27T21:53:06","modified_gmt":"2025-06-27T19:53:06","slug":"widok-rzadki-lecz-codzienny","status":"publish","type":"post","link":"http:\/\/wgphoto.pl\/t\/?p=19029","title":{"rendered":"Widok rzadki lecz codzienny"},"content":{"rendered":"\n<figure class=\"wp-block-image aligncenter size-full\"><img loading=\"lazy\" decoding=\"async\" width=\"1300\" height=\"861\" src=\"https:\/\/wgphoto.pl\/t\/wp-content\/uploads\/2025\/06\/IMGP3539-1.jpg\" alt=\"\" class=\"wp-image-19030\" srcset=\"http:\/\/wgphoto.pl\/t\/wp-content\/uploads\/2025\/06\/IMGP3539-1.jpg 1300w, http:\/\/wgphoto.pl\/t\/wp-content\/uploads\/2025\/06\/IMGP3539-1-300x199.jpg 300w, http:\/\/wgphoto.pl\/t\/wp-content\/uploads\/2025\/06\/IMGP3539-1-768x509.jpg 768w\" sizes=\"auto, (max-width: 1300px) 100vw, 1300px\" \/><\/figure>\n\n\n\n<div class=\"wp-block-group has-global-padding is-layout-constrained wp-block-group-is-layout-constrained\">\n<p>Chemnitz, p\u0119tla Hutholz. Gdy w ca\u0142ym mie\u015bcie jest kilka sk\u0142ad\u00f3w wysokopod\u0142ogowych, a wieczorem spada cz\u0119stotliwo\u015b\u0107 kursowania, trzeba mie\u0107 szcz\u0119\u015bcie \u017ceby trafi\u0107 dwie z nich obok siebie, chocia\u017c o ile pami\u0119tam, by\u0142a to sytuacja zgodna z rozk\u0142adem jazdy. Na zdj\u0119cie za\u0142apa\u0142y si\u0119 sk\u0142ady T3D-M nr 513+514 i 515+516. 22.09.2017<\/p>\n<\/div>\n","protected":false},"excerpt":{"rendered":"<p>Chemnitz, p\u0119tla Hutholz. Gdy w ca\u0142ym mie\u015bcie jest kilka sk\u0142ad\u00f3w wysokopod\u0142ogowych, a wieczorem spada cz\u0119stotliwo\u015b\u0107 kursowania, trzeba mie\u0107 szcz\u0119\u015bcie \u017ceby trafi\u0107 dwie z nich obok siebie, chocia\u017c o ile pami\u0119tam, by\u0142a to sytuacja zgodna z rozk\u0142adem jazdy. Na zdj\u0119cie za\u0142apa\u0142y si\u0119 sk\u0142ady T3D-M nr 513+514 i 515+516. 22.09.2017<\/p>\n","protected":false},"author":1,"featured_media":19030,"comment_status":"open","ping_status":"","sticky":false,"template":"","format":"standard","meta":{"footnotes":""},"categories":[368,3],"tags":[1525,732,730,23,154,1011],"class_list":["post-19029","post","type-post","status-publish","format-standard","has-post-thumbnail","hentry","category-rok-2017","category-tramwaj","tag-2017-09-22","tag-chemnitz","tag-cvag-chemnitz","tag-niemcy","tag-noc","tag-tatra-t3"],"_links":{"self":[{"href":"http:\/\/wgphoto.pl\/t\/index.php?rest_route=\/wp\/v2\/posts\/19029","targetHints":{"allow":["GET"]}}],"collection":[{"href":"http:\/\/wgphoto.pl\/t\/index.php?rest_route=\/wp\/v2\/posts"}],"about":[{"href":"http:\/\/wgphoto.pl\/t\/index.php?rest_route=\/wp\/v2\/types\/post"}],"author":[{"embeddable":true,"href":"http:\/\/wgphoto.pl\/t\/index.php?rest_route=\/wp\/v2\/users\/1"}],"replies":[{"embeddable":true,"href":"http:\/\/wgphoto.pl\/t\/index.php?rest_route=%2Fwp%2Fv2%2Fcomments&post=19029"}],"version-history":[{"count":1,"href":"http:\/\/wgphoto.pl\/t\/index.php?rest_route=\/wp\/v2\/posts\/19029\/revisions"}],"predecessor-version":[{"id":19031,"href":"http:\/\/wgphoto.pl\/t\/index.php?rest_route=\/wp\/v2\/posts\/19029\/revisions\/19031"}],"wp:featuredmedia":[{"embeddable":true,"href":"http:\/\/wgphoto.pl\/t\/index.php?rest_route=\/wp\/v2\/media\/19030"}],"wp:attachment":[{"href":"http:\/\/wgphoto.pl\/t\/index.php?rest_route=%2Fwp%2Fv2%2Fmedia&parent=19029"}],"wp:term":[{"taxonomy":"category","embeddable":true,"href":"http:\/\/wgphoto.pl\/t\/index.php?rest_route=%2Fwp%2Fv2%2Fcategories&post=19029"},{"taxonomy":"post_tag","embeddable":true,"href":"http:\/\/wgphoto.pl\/t\/index.php?rest_route=%2Fwp%2Fv2%2Ftags&post=19029"}],"curies":[{"name":"wp","href":"https:\/\/api.w.org\/{rel}","templated":true}]}}