{"id":19083,"date":"2025-06-28T12:13:09","date_gmt":"2025-06-28T10:13:09","guid":{"rendered":"https:\/\/wgphoto.pl\/t\/?p=19083"},"modified":"2025-06-28T12:13:09","modified_gmt":"2025-06-28T10:13:09","slug":"205wras-2702","status":"publish","type":"post","link":"http:\/\/wgphoto.pl\/t\/?p=19083","title":{"rendered":"205WrAs 2702"},"content":{"rendered":"\n<figure class=\"wp-block-image aligncenter size-full\"><img loading=\"lazy\" decoding=\"async\" width=\"1300\" height=\"862\" src=\"https:\/\/wgphoto.pl\/t\/wp-content\/uploads\/2025\/06\/0712-11.jpg\" alt=\"\" class=\"wp-image-19084\" srcset=\"http:\/\/wgphoto.pl\/t\/wp-content\/uploads\/2025\/06\/0712-11.jpg 1300w, http:\/\/wgphoto.pl\/t\/wp-content\/uploads\/2025\/06\/0712-11-300x199.jpg 300w, http:\/\/wgphoto.pl\/t\/wp-content\/uploads\/2025\/06\/0712-11-768x509.jpg 768w\" sizes=\"auto, (max-width: 1300px) 100vw, 1300px\" \/><\/figure>\n\n\n\n<div class=\"wp-block-group has-global-padding is-layout-constrained wp-block-group-is-layout-constrained\">\n<p>Wroc\u0142aw, Podwale. 205WrAs 2702 w niezbyt malowniczych, bo analogowych okoliczno\u015bciach przyrody przy zachodz\u0105cym s\u0142o\u0144cu, o\u015bwietlaj\u0105cym t\u0119 scen\u0119 od ty\u0142u. Z cyfry z pewno\u015bci\u0105 uda\u0142oby si\u0119 to lepiej powyci\u0105ga\u0107. 28.05.2007<\/p>\n<\/div>\n","protected":false},"excerpt":{"rendered":"<p>Wroc\u0142aw, Podwale. 205WrAs 2702 w niezbyt malowniczych, bo analogowych okoliczno\u015bciach przyrody przy zachodz\u0105cym s\u0142o\u0144cu, o\u015bwietlaj\u0105cym t\u0119 scen\u0119 od ty\u0142u. Z cyfry z pewno\u015bci\u0105 uda\u0142oby si\u0119 to lepiej powyci\u0105ga\u0107. 28.05.2007<\/p>\n","protected":false},"author":1,"featured_media":19084,"comment_status":"open","ping_status":"","sticky":false,"template":"","format":"standard","meta":{"footnotes":""},"categories":[62,96,3],"tags":[4081,42,27,1096,181,41],"class_list":["post-19083","post","type-post","status-publish","format-standard","has-post-thumbnail","hentry","category-analog","category-rok-2007","category-tramwaj","tag-2007-05-28","tag-mpk-wroclaw","tag-polska","tag-protram-205wras","tag-slonce","tag-wroclaw"],"_links":{"self":[{"href":"http:\/\/wgphoto.pl\/t\/index.php?rest_route=\/wp\/v2\/posts\/19083","targetHints":{"allow":["GET"]}}],"collection":[{"href":"http:\/\/wgphoto.pl\/t\/index.php?rest_route=\/wp\/v2\/posts"}],"about":[{"href":"http:\/\/wgphoto.pl\/t\/index.php?rest_route=\/wp\/v2\/types\/post"}],"author":[{"embeddable":true,"href":"http:\/\/wgphoto.pl\/t\/index.php?rest_route=\/wp\/v2\/users\/1"}],"replies":[{"embeddable":true,"href":"http:\/\/wgphoto.pl\/t\/index.php?rest_route=%2Fwp%2Fv2%2Fcomments&post=19083"}],"version-history":[{"count":1,"href":"http:\/\/wgphoto.pl\/t\/index.php?rest_route=\/wp\/v2\/posts\/19083\/revisions"}],"predecessor-version":[{"id":19085,"href":"http:\/\/wgphoto.pl\/t\/index.php?rest_route=\/wp\/v2\/posts\/19083\/revisions\/19085"}],"wp:featuredmedia":[{"embeddable":true,"href":"http:\/\/wgphoto.pl\/t\/index.php?rest_route=\/wp\/v2\/media\/19084"}],"wp:attachment":[{"href":"http:\/\/wgphoto.pl\/t\/index.php?rest_route=%2Fwp%2Fv2%2Fmedia&parent=19083"}],"wp:term":[{"taxonomy":"category","embeddable":true,"href":"http:\/\/wgphoto.pl\/t\/index.php?rest_route=%2Fwp%2Fv2%2Fcategories&post=19083"},{"taxonomy":"post_tag","embeddable":true,"href":"http:\/\/wgphoto.pl\/t\/index.php?rest_route=%2Fwp%2Fv2%2Ftags&post=19083"}],"curies":[{"name":"wp","href":"https:\/\/api.w.org\/{rel}","templated":true}]}}