{"id":19159,"date":"2025-06-28T14:57:55","date_gmt":"2025-06-28T12:57:55","guid":{"rendered":"https:\/\/wgphoto.pl\/t\/?p=19159"},"modified":"2025-06-28T14:57:55","modified_gmt":"2025-06-28T12:57:55","slug":"stary-nowy-most-2","status":"publish","type":"post","link":"http:\/\/wgphoto.pl\/t\/?p=19159","title":{"rendered":"Stary nowy most (2)"},"content":{"rendered":"\n<figure class=\"wp-block-image aligncenter size-full\"><img loading=\"lazy\" decoding=\"async\" width=\"1300\" height=\"861\" src=\"https:\/\/wgphoto.pl\/t\/wp-content\/uploads\/2025\/06\/IMGP4164.jpg\" alt=\"\" class=\"wp-image-19160\" srcset=\"http:\/\/wgphoto.pl\/t\/wp-content\/uploads\/2025\/06\/IMGP4164.jpg 1300w, http:\/\/wgphoto.pl\/t\/wp-content\/uploads\/2025\/06\/IMGP4164-300x199.jpg 300w, http:\/\/wgphoto.pl\/t\/wp-content\/uploads\/2025\/06\/IMGP4164-768x509.jpg 768w\" sizes=\"auto, (max-width: 1300px) 100vw, 1300px\" \/><\/figure>\n\n\n\n<div class=\"wp-block-group has-global-padding is-layout-constrained wp-block-group-is-layout-constrained\">\n<p>Bratys\u0142awa, Star\u00fd most. \u0160koda 30T 7505 przeje\u017cd\u017ca na lewy brzeg Dunaju &#8211; do centrum miasta. 23.06.2019<\/p>\n<\/div>\n","protected":false},"excerpt":{"rendered":"<p>Bratys\u0142awa, Star\u00fd most. \u0160koda 30T 7505 przeje\u017cd\u017ca na lewy brzeg Dunaju &#8211; do centrum miasta. 23.06.2019<\/p>\n","protected":false},"author":1,"featured_media":19160,"comment_status":"open","ping_status":"","sticky":false,"template":"","format":"standard","meta":{"footnotes":""},"categories":[136,3],"tags":[903,902,906,173,45,905,904,675],"class_list":["post-19159","post","type-post","status-publish","format-standard","has-post-thumbnail","hentry","category-rok-2019","category-tramwaj","tag-2019-06-23","tag-bratyslawa","tag-dp-bratislava","tag-koncowki","tag-most","tag-przez","tag-skoda-30t","tag-slowacja"],"_links":{"self":[{"href":"http:\/\/wgphoto.pl\/t\/index.php?rest_route=\/wp\/v2\/posts\/19159","targetHints":{"allow":["GET"]}}],"collection":[{"href":"http:\/\/wgphoto.pl\/t\/index.php?rest_route=\/wp\/v2\/posts"}],"about":[{"href":"http:\/\/wgphoto.pl\/t\/index.php?rest_route=\/wp\/v2\/types\/post"}],"author":[{"embeddable":true,"href":"http:\/\/wgphoto.pl\/t\/index.php?rest_route=\/wp\/v2\/users\/1"}],"replies":[{"embeddable":true,"href":"http:\/\/wgphoto.pl\/t\/index.php?rest_route=%2Fwp%2Fv2%2Fcomments&post=19159"}],"version-history":[{"count":1,"href":"http:\/\/wgphoto.pl\/t\/index.php?rest_route=\/wp\/v2\/posts\/19159\/revisions"}],"predecessor-version":[{"id":19161,"href":"http:\/\/wgphoto.pl\/t\/index.php?rest_route=\/wp\/v2\/posts\/19159\/revisions\/19161"}],"wp:featuredmedia":[{"embeddable":true,"href":"http:\/\/wgphoto.pl\/t\/index.php?rest_route=\/wp\/v2\/media\/19160"}],"wp:attachment":[{"href":"http:\/\/wgphoto.pl\/t\/index.php?rest_route=%2Fwp%2Fv2%2Fmedia&parent=19159"}],"wp:term":[{"taxonomy":"category","embeddable":true,"href":"http:\/\/wgphoto.pl\/t\/index.php?rest_route=%2Fwp%2Fv2%2Fcategories&post=19159"},{"taxonomy":"post_tag","embeddable":true,"href":"http:\/\/wgphoto.pl\/t\/index.php?rest_route=%2Fwp%2Fv2%2Ftags&post=19159"}],"curies":[{"name":"wp","href":"https:\/\/api.w.org\/{rel}","templated":true}]}}