{"id":19165,"date":"2025-06-28T15:00:13","date_gmt":"2025-06-28T13:00:13","guid":{"rendered":"https:\/\/wgphoto.pl\/t\/?p=19165"},"modified":"2025-06-28T15:00:13","modified_gmt":"2025-06-28T13:00:13","slug":"wczesna-jesien-w-zabrezskiej-vrchovinie","status":"publish","type":"post","link":"http:\/\/wgphoto.pl\/t\/?p=19165","title":{"rendered":"Wczesna jesie\u0144 w Z\u00e1b\u0159e\u017eskiej vrchovinie"},"content":{"rendered":"\n<figure class=\"wp-block-image aligncenter size-full\"><img loading=\"lazy\" decoding=\"async\" width=\"1300\" height=\"861\" src=\"https:\/\/wgphoto.pl\/t\/wp-content\/uploads\/2025\/06\/IMGP9860-1.jpg\" alt=\"\" class=\"wp-image-19166\" srcset=\"http:\/\/wgphoto.pl\/t\/wp-content\/uploads\/2025\/06\/IMGP9860-1.jpg 1300w, http:\/\/wgphoto.pl\/t\/wp-content\/uploads\/2025\/06\/IMGP9860-1-300x199.jpg 300w, http:\/\/wgphoto.pl\/t\/wp-content\/uploads\/2025\/06\/IMGP9860-1-768x509.jpg 768w\" sizes=\"auto, (max-width: 1300px) 100vw, 1300px\" \/><\/figure>\n\n\n\n<div class=\"wp-block-group has-global-padding is-layout-constrained wp-block-group-is-layout-constrained\">\n<p>1216.954 z poci\u0105giem EC 114 Cracovia z Przemy\u015bla i Terespola do Pragi przebija si\u0119 przez pag\u00f3rki Z\u00e1b\u0159e\u017eskiej vrchoviny na granicy Moraw i Czech, kolejowo na odcinku Ho\u0161tejn &#8211; Tatenice. Lokomotywa prowadz\u0105ca jest jednym z sze\u015bciu Taurus\u00f3w (obok numer\u00f3w 902, 903, 951, 952 i 953), kt\u00f3re Koleje Czeskie w latach 2019-2021 odkupi\u0142y od austriackich przewo\u017anik\u00f3w, ta akurat maszyna s\u0142u\u017cy\u0142a wcze\u015bniej w Wiener Lokalbahnen Cargo. 01.10.2022<\/p>\n<\/div>\n","protected":false},"excerpt":{"rendered":"<p>1216.954 z poci\u0105giem EC 114 Cracovia z Przemy\u015bla i Terespola do Pragi przebija si\u0119 przez pag\u00f3rki Z\u00e1b\u0159e\u017eskiej vrchoviny na granicy Moraw i Czech, kolejowo na odcinku Ho\u0161tejn &#8211; Tatenice. Lokomotywa prowadz\u0105ca jest jednym z sze\u015bciu Taurus\u00f3w (obok numer\u00f3w 902, 903, 951, 952 i 953), kt\u00f3re Koleje Czeskie w latach 2019-2021 odkupi\u0142y od austriackich przewo\u017anik\u00f3w, ta [&hellip;]<\/p>\n","protected":false},"author":1,"featured_media":19166,"comment_status":"open","ping_status":"","sticky":false,"template":"","format":"standard","meta":{"footnotes":""},"categories":[2,669],"tags":[3462,1480,50,49,979,126,119,981,1479],"class_list":["post-19165","post","type-post","status-publish","format-standard","has-post-thumbnail","hentry","category-kolej","category-rok-2022","tag-3462","tag-2022-10-01","tag-cd","tag-czechy","tag-hostejn","tag-jesien","tag-siemens-taurus","tag-tab-cz270","tag-tatenice"],"_links":{"self":[{"href":"http:\/\/wgphoto.pl\/t\/index.php?rest_route=\/wp\/v2\/posts\/19165","targetHints":{"allow":["GET"]}}],"collection":[{"href":"http:\/\/wgphoto.pl\/t\/index.php?rest_route=\/wp\/v2\/posts"}],"about":[{"href":"http:\/\/wgphoto.pl\/t\/index.php?rest_route=\/wp\/v2\/types\/post"}],"author":[{"embeddable":true,"href":"http:\/\/wgphoto.pl\/t\/index.php?rest_route=\/wp\/v2\/users\/1"}],"replies":[{"embeddable":true,"href":"http:\/\/wgphoto.pl\/t\/index.php?rest_route=%2Fwp%2Fv2%2Fcomments&post=19165"}],"version-history":[{"count":1,"href":"http:\/\/wgphoto.pl\/t\/index.php?rest_route=\/wp\/v2\/posts\/19165\/revisions"}],"predecessor-version":[{"id":19167,"href":"http:\/\/wgphoto.pl\/t\/index.php?rest_route=\/wp\/v2\/posts\/19165\/revisions\/19167"}],"wp:featuredmedia":[{"embeddable":true,"href":"http:\/\/wgphoto.pl\/t\/index.php?rest_route=\/wp\/v2\/media\/19166"}],"wp:attachment":[{"href":"http:\/\/wgphoto.pl\/t\/index.php?rest_route=%2Fwp%2Fv2%2Fmedia&parent=19165"}],"wp:term":[{"taxonomy":"category","embeddable":true,"href":"http:\/\/wgphoto.pl\/t\/index.php?rest_route=%2Fwp%2Fv2%2Fcategories&post=19165"},{"taxonomy":"post_tag","embeddable":true,"href":"http:\/\/wgphoto.pl\/t\/index.php?rest_route=%2Fwp%2Fv2%2Ftags&post=19165"}],"curies":[{"name":"wp","href":"https:\/\/api.w.org\/{rel}","templated":true}]}}