{"id":19183,"date":"2025-06-28T15:33:44","date_gmt":"2025-06-28T13:33:44","guid":{"rendered":"https:\/\/wgphoto.pl\/t\/?p=19183"},"modified":"2025-06-28T15:33:44","modified_gmt":"2025-06-28T13:33:44","slug":"kraina-sniegu","status":"publish","type":"post","link":"http:\/\/wgphoto.pl\/t\/?p=19183","title":{"rendered":"Kraina \u015bniegu"},"content":{"rendered":"\n<figure class=\"wp-block-image aligncenter size-full\"><img loading=\"lazy\" decoding=\"async\" width=\"1300\" height=\"861\" src=\"https:\/\/wgphoto.pl\/t\/wp-content\/uploads\/2025\/06\/IMGP8371.jpg\" alt=\"\" class=\"wp-image-19184\" srcset=\"http:\/\/wgphoto.pl\/t\/wp-content\/uploads\/2025\/06\/IMGP8371.jpg 1300w, http:\/\/wgphoto.pl\/t\/wp-content\/uploads\/2025\/06\/IMGP8371-300x199.jpg 300w, http:\/\/wgphoto.pl\/t\/wp-content\/uploads\/2025\/06\/IMGP8371-768x509.jpg 768w\" sizes=\"auto, (max-width: 1300px) 100vw, 1300px\" \/><\/figure>\n\n\n\n<div class=\"wp-block-group has-global-padding is-layout-constrained wp-block-group-is-layout-constrained\">\n<p>Wagony motorowe ABe 4\/4 III nr 54 i 56 prowadz\u0105 poci\u0105g regionalny 1660 z Tirano do St. Moritz. Sk\u0142ad znajduje si\u0119 na szlaku Ospizio Bernina &#8211; Bernina Lagalb. 26.03.2018<\/p>\n<\/div>\n","protected":false},"excerpt":{"rendered":"<p>Wagony motorowe ABe 4\/4 III nr 54 i 56 prowadz\u0105 poci\u0105g regionalny 1660 z Tirano do St. Moritz. Sk\u0142ad znajduje si\u0119 na szlaku Ospizio Bernina &#8211; Bernina Lagalb. 26.03.2018<\/p>\n","protected":false},"author":1,"featured_media":19184,"comment_status":"open","ping_status":"","sticky":false,"template":"","format":"standard","meta":{"footnotes":""},"categories":[2,156],"tags":[736,733,114,734,737,44,183,186],"class_list":["post-19183","post","type-post","status-publish","format-standard","has-post-thumbnail","hentry","category-kolej","category-rok-2018","tag-2018-03-26","tag-bernina-lagalb","tag-gory","tag-ospizio-bernina","tag-rhatische-bahn","tag-snieg","tag-suissetrip-2018","tag-szwajcaria"],"_links":{"self":[{"href":"http:\/\/wgphoto.pl\/t\/index.php?rest_route=\/wp\/v2\/posts\/19183","targetHints":{"allow":["GET"]}}],"collection":[{"href":"http:\/\/wgphoto.pl\/t\/index.php?rest_route=\/wp\/v2\/posts"}],"about":[{"href":"http:\/\/wgphoto.pl\/t\/index.php?rest_route=\/wp\/v2\/types\/post"}],"author":[{"embeddable":true,"href":"http:\/\/wgphoto.pl\/t\/index.php?rest_route=\/wp\/v2\/users\/1"}],"replies":[{"embeddable":true,"href":"http:\/\/wgphoto.pl\/t\/index.php?rest_route=%2Fwp%2Fv2%2Fcomments&post=19183"}],"version-history":[{"count":1,"href":"http:\/\/wgphoto.pl\/t\/index.php?rest_route=\/wp\/v2\/posts\/19183\/revisions"}],"predecessor-version":[{"id":19185,"href":"http:\/\/wgphoto.pl\/t\/index.php?rest_route=\/wp\/v2\/posts\/19183\/revisions\/19185"}],"wp:featuredmedia":[{"embeddable":true,"href":"http:\/\/wgphoto.pl\/t\/index.php?rest_route=\/wp\/v2\/media\/19184"}],"wp:attachment":[{"href":"http:\/\/wgphoto.pl\/t\/index.php?rest_route=%2Fwp%2Fv2%2Fmedia&parent=19183"}],"wp:term":[{"taxonomy":"category","embeddable":true,"href":"http:\/\/wgphoto.pl\/t\/index.php?rest_route=%2Fwp%2Fv2%2Fcategories&post=19183"},{"taxonomy":"post_tag","embeddable":true,"href":"http:\/\/wgphoto.pl\/t\/index.php?rest_route=%2Fwp%2Fv2%2Ftags&post=19183"}],"curies":[{"name":"wp","href":"https:\/\/api.w.org\/{rel}","templated":true}]}}