{"id":19196,"date":"2025-06-28T15:40:18","date_gmt":"2025-06-28T13:40:18","guid":{"rendered":"https:\/\/wgphoto.pl\/t\/?p=19196"},"modified":"2025-06-28T15:40:39","modified_gmt":"2025-06-28T13:40:39","slug":"wieczorne-pociagi-2","status":"publish","type":"post","link":"http:\/\/wgphoto.pl\/t\/?p=19196","title":{"rendered":"Wieczorne poci\u0105gi"},"content":{"rendered":"\n<figure class=\"wp-block-image aligncenter size-full\"><img loading=\"lazy\" decoding=\"async\" width=\"1300\" height=\"861\" src=\"https:\/\/wgphoto.pl\/t\/wp-content\/uploads\/2025\/06\/IMGP9504.jpg\" alt=\"\" class=\"wp-image-19197\" srcset=\"http:\/\/wgphoto.pl\/t\/wp-content\/uploads\/2025\/06\/IMGP9504.jpg 1300w, http:\/\/wgphoto.pl\/t\/wp-content\/uploads\/2025\/06\/IMGP9504-300x199.jpg 300w, http:\/\/wgphoto.pl\/t\/wp-content\/uploads\/2025\/06\/IMGP9504-768x509.jpg 768w\" sizes=\"auto, (max-width: 1300px) 100vw, 1300px\" \/><\/figure>\n\n\n\n<div class=\"wp-block-group has-global-padding is-layout-constrained wp-block-group-is-layout-constrained\">\n<p>Wieczorny ruch na dworcu Mainz Hbf. Na pierwszy plan wysuwa si\u0119 jednostka 622.105 sp\u00f3\u0142ki (marki?) Vlexx, nale\u017c\u0105cej do koncernu Die L\u00e4nderbahn, operuj\u0105cego w r\u00f3\u017cnych rejonach Niemiec. W rejonie Moguncji Vlexx obs\u0142uguje wiele linii, wi\u0119c trudno okre\u015bli\u0107 domnieman\u0105 relacj\u0119 tego poci\u0105gu. 24.08.2022<\/p>\n<\/div>\n","protected":false},"excerpt":{"rendered":"<p>Wieczorny ruch na dworcu Mainz Hbf. Na pierwszy plan wysuwa si\u0119 jednostka 622.105 sp\u00f3\u0142ki (marki?) Vlexx, nale\u017c\u0105cej do koncernu Die L\u00e4nderbahn, operuj\u0105cego w r\u00f3\u017cnych rejonach Niemiec. W rejonie Moguncji Vlexx obs\u0142uguje wiele linii, wi\u0119c trudno okre\u015bli\u0107 domnieman\u0105 relacj\u0119 tego poci\u0105gu. 24.08.2022<\/p>\n","protected":false},"author":1,"featured_media":19197,"comment_status":"open","ping_status":"","sticky":false,"template":"","format":"standard","meta":{"footnotes":""},"categories":[2,669],"tags":[3886,4009,1282,564,3026,179,173,4034,23,154],"class_list":["post-19196","post","type-post","status-publish","format-standard","has-post-thumbnail","hentry","category-kolej","category-rok-2022","tag-2022-08-24","tag-4009","tag-9-euro-ticket-2022","tag-alstom-lint","tag-dlb","tag-hala-peronowa","tag-koncowki","tag-mainz-hauptbahnhof","tag-niemcy","tag-noc"],"_links":{"self":[{"href":"http:\/\/wgphoto.pl\/t\/index.php?rest_route=\/wp\/v2\/posts\/19196","targetHints":{"allow":["GET"]}}],"collection":[{"href":"http:\/\/wgphoto.pl\/t\/index.php?rest_route=\/wp\/v2\/posts"}],"about":[{"href":"http:\/\/wgphoto.pl\/t\/index.php?rest_route=\/wp\/v2\/types\/post"}],"author":[{"embeddable":true,"href":"http:\/\/wgphoto.pl\/t\/index.php?rest_route=\/wp\/v2\/users\/1"}],"replies":[{"embeddable":true,"href":"http:\/\/wgphoto.pl\/t\/index.php?rest_route=%2Fwp%2Fv2%2Fcomments&post=19196"}],"version-history":[{"count":1,"href":"http:\/\/wgphoto.pl\/t\/index.php?rest_route=\/wp\/v2\/posts\/19196\/revisions"}],"predecessor-version":[{"id":19198,"href":"http:\/\/wgphoto.pl\/t\/index.php?rest_route=\/wp\/v2\/posts\/19196\/revisions\/19198"}],"wp:featuredmedia":[{"embeddable":true,"href":"http:\/\/wgphoto.pl\/t\/index.php?rest_route=\/wp\/v2\/media\/19197"}],"wp:attachment":[{"href":"http:\/\/wgphoto.pl\/t\/index.php?rest_route=%2Fwp%2Fv2%2Fmedia&parent=19196"}],"wp:term":[{"taxonomy":"category","embeddable":true,"href":"http:\/\/wgphoto.pl\/t\/index.php?rest_route=%2Fwp%2Fv2%2Fcategories&post=19196"},{"taxonomy":"post_tag","embeddable":true,"href":"http:\/\/wgphoto.pl\/t\/index.php?rest_route=%2Fwp%2Fv2%2Ftags&post=19196"}],"curies":[{"name":"wp","href":"https:\/\/api.w.org\/{rel}","templated":true}]}}