{"id":1926,"date":"2024-10-07T16:54:05","date_gmt":"2024-10-07T14:54:05","guid":{"rendered":"https:\/\/wgphoto.pl\/t\/?p=1926"},"modified":"2024-10-07T16:54:05","modified_gmt":"2024-10-07T14:54:05","slug":"bipa-przez-wisle","status":"publish","type":"post","link":"http:\/\/wgphoto.pl\/t\/?p=1926","title":{"rendered":"Bip\u0105 przez Wis\u0142\u0119"},"content":{"rendered":"\n<figure class=\"wp-block-image aligncenter size-full\"><img loading=\"lazy\" decoding=\"async\" width=\"1200\" height=\"800\" src=\"https:\/\/wgphoto.pl\/t\/wp-content\/uploads\/2024\/10\/0519-15.jpg\" alt=\"\" class=\"wp-image-1927\" srcset=\"http:\/\/wgphoto.pl\/t\/wp-content\/uploads\/2024\/10\/0519-15.jpg 1200w, http:\/\/wgphoto.pl\/t\/wp-content\/uploads\/2024\/10\/0519-15-300x200.jpg 300w, http:\/\/wgphoto.pl\/t\/wp-content\/uploads\/2024\/10\/0519-15-768x512.jpg 768w\" sizes=\"auto, (max-width: 1200px) 100vw, 1200px\" \/><\/figure>\n\n\n\n<div class=\"wp-block-group has-global-padding is-layout-constrained wp-block-group-is-layout-constrained\">\n<p>Grudzi\u0105dz &#8211; Dragacz. SP42-248 z poci\u0105giem osobowym 90043 relacji Grudzi\u0105dz &#8211; Ko\u015bcierzyna zje\u017cd\u017ca z mostu na Wi\u015ble. 27.07.2005<\/p>\n<\/div>\n","protected":false},"excerpt":{"rendered":"<p>Grudzi\u0105dz &#8211; Dragacz. SP42-248 z poci\u0105giem osobowym 90043 relacji Grudzi\u0105dz &#8211; Ko\u015bcierzyna zje\u017cd\u017ca z mostu na Wi\u015ble. 27.07.2005<\/p>\n","protected":false},"author":1,"featured_media":1927,"comment_status":"open","ping_status":"","sticky":false,"template":"","format":"standard","meta":{"footnotes":""},"categories":[62,2,311],"tags":[1002,288,1003,915,45,63,27,316,793],"class_list":["post-1926","post","type-post","status-publish","format-standard","has-post-thumbnail","hentry","category-analog","category-kolej","category-rok-2005","tag-2005-07-27","tag-bipa","tag-dragacz","tag-grudziadz","tag-most","tag-pkp","tag-polska","tag-sp42","tag-tab-pl431"],"_links":{"self":[{"href":"http:\/\/wgphoto.pl\/t\/index.php?rest_route=\/wp\/v2\/posts\/1926","targetHints":{"allow":["GET"]}}],"collection":[{"href":"http:\/\/wgphoto.pl\/t\/index.php?rest_route=\/wp\/v2\/posts"}],"about":[{"href":"http:\/\/wgphoto.pl\/t\/index.php?rest_route=\/wp\/v2\/types\/post"}],"author":[{"embeddable":true,"href":"http:\/\/wgphoto.pl\/t\/index.php?rest_route=\/wp\/v2\/users\/1"}],"replies":[{"embeddable":true,"href":"http:\/\/wgphoto.pl\/t\/index.php?rest_route=%2Fwp%2Fv2%2Fcomments&post=1926"}],"version-history":[{"count":1,"href":"http:\/\/wgphoto.pl\/t\/index.php?rest_route=\/wp\/v2\/posts\/1926\/revisions"}],"predecessor-version":[{"id":1928,"href":"http:\/\/wgphoto.pl\/t\/index.php?rest_route=\/wp\/v2\/posts\/1926\/revisions\/1928"}],"wp:featuredmedia":[{"embeddable":true,"href":"http:\/\/wgphoto.pl\/t\/index.php?rest_route=\/wp\/v2\/media\/1927"}],"wp:attachment":[{"href":"http:\/\/wgphoto.pl\/t\/index.php?rest_route=%2Fwp%2Fv2%2Fmedia&parent=1926"}],"wp:term":[{"taxonomy":"category","embeddable":true,"href":"http:\/\/wgphoto.pl\/t\/index.php?rest_route=%2Fwp%2Fv2%2Fcategories&post=1926"},{"taxonomy":"post_tag","embeddable":true,"href":"http:\/\/wgphoto.pl\/t\/index.php?rest_route=%2Fwp%2Fv2%2Ftags&post=1926"}],"curies":[{"name":"wp","href":"https:\/\/api.w.org\/{rel}","templated":true}]}}