{"id":19311,"date":"2025-06-29T12:37:43","date_gmt":"2025-06-29T10:37:43","guid":{"rendered":"https:\/\/wgphoto.pl\/t\/?p=19311"},"modified":"2025-06-29T12:37:43","modified_gmt":"2025-06-29T10:37:43","slug":"tatra-i-krol","status":"publish","type":"post","link":"http:\/\/wgphoto.pl\/t\/?p=19311","title":{"rendered":"Tatra i kr\u00f3l"},"content":{"rendered":"\n<figure class=\"wp-block-image aligncenter size-full\"><img loading=\"lazy\" decoding=\"async\" width=\"1300\" height=\"861\" src=\"https:\/\/wgphoto.pl\/t\/wp-content\/uploads\/2025\/06\/IMGP1536.jpg\" alt=\"\" class=\"wp-image-19312\" srcset=\"http:\/\/wgphoto.pl\/t\/wp-content\/uploads\/2025\/06\/IMGP1536.jpg 1300w, http:\/\/wgphoto.pl\/t\/wp-content\/uploads\/2025\/06\/IMGP1536-300x199.jpg 300w, http:\/\/wgphoto.pl\/t\/wp-content\/uploads\/2025\/06\/IMGP1536-768x509.jpg 768w\" sizes=\"auto, (max-width: 1300px) 100vw, 1300px\" \/><\/figure>\n\n\n\n<div class=\"wp-block-group has-global-padding is-layout-constrained wp-block-group-is-layout-constrained\">\n<p>O\u0142omuniec, Denisova ul. Sk\u0142ad Tatr T3R.P 162+163 mija mural przedstawiaj\u0105cy brytyjskiego kr\u00f3la Edwarda VII z selfie stickiem (co podobno oddaje jego natur\u0119, uwa\u017cany by\u0142 bowiem za narcyza), namalowany w ramach StreetArt Festivalu w roku 2015. 24.03.2023<\/p>\n<\/div>\n","protected":false},"excerpt":{"rendered":"<p>O\u0142omuniec, Denisova ul. Sk\u0142ad Tatr T3R.P 162+163 mija mural przedstawiaj\u0105cy brytyjskiego kr\u00f3la Edwarda VII z selfie stickiem (co podobno oddaje jego natur\u0119, uwa\u017cany by\u0142 bowiem za narcyza), namalowany w ramach StreetArt Festivalu w roku 2015. 24.03.2023<\/p>\n","protected":false},"author":1,"featured_media":19312,"comment_status":"open","ping_status":"","sticky":false,"template":"","format":"standard","meta":{"footnotes":""},"categories":[6,3],"tags":[4124,49,1013,1827,1012,4094,1011],"class_list":["post-19311","post","type-post","status-publish","format-standard","has-post-thumbnail","hentry","category-2023r","category-tramwaj","tag-2023-03-24","tag-czechy","tag-dpmo-olomouc","tag-mural","tag-olomuniec","tag-powitanie-wiosny-2023","tag-tatra-t3"],"_links":{"self":[{"href":"http:\/\/wgphoto.pl\/t\/index.php?rest_route=\/wp\/v2\/posts\/19311","targetHints":{"allow":["GET"]}}],"collection":[{"href":"http:\/\/wgphoto.pl\/t\/index.php?rest_route=\/wp\/v2\/posts"}],"about":[{"href":"http:\/\/wgphoto.pl\/t\/index.php?rest_route=\/wp\/v2\/types\/post"}],"author":[{"embeddable":true,"href":"http:\/\/wgphoto.pl\/t\/index.php?rest_route=\/wp\/v2\/users\/1"}],"replies":[{"embeddable":true,"href":"http:\/\/wgphoto.pl\/t\/index.php?rest_route=%2Fwp%2Fv2%2Fcomments&post=19311"}],"version-history":[{"count":1,"href":"http:\/\/wgphoto.pl\/t\/index.php?rest_route=\/wp\/v2\/posts\/19311\/revisions"}],"predecessor-version":[{"id":19313,"href":"http:\/\/wgphoto.pl\/t\/index.php?rest_route=\/wp\/v2\/posts\/19311\/revisions\/19313"}],"wp:featuredmedia":[{"embeddable":true,"href":"http:\/\/wgphoto.pl\/t\/index.php?rest_route=\/wp\/v2\/media\/19312"}],"wp:attachment":[{"href":"http:\/\/wgphoto.pl\/t\/index.php?rest_route=%2Fwp%2Fv2%2Fmedia&parent=19311"}],"wp:term":[{"taxonomy":"category","embeddable":true,"href":"http:\/\/wgphoto.pl\/t\/index.php?rest_route=%2Fwp%2Fv2%2Fcategories&post=19311"},{"taxonomy":"post_tag","embeddable":true,"href":"http:\/\/wgphoto.pl\/t\/index.php?rest_route=%2Fwp%2Fv2%2Ftags&post=19311"}],"curies":[{"name":"wp","href":"https:\/\/api.w.org\/{rel}","templated":true}]}}