{"id":1932,"date":"2024-10-07T16:56:22","date_gmt":"2024-10-07T14:56:22","guid":{"rendered":"https:\/\/wgphoto.pl\/t\/?p=1932"},"modified":"2024-10-07T16:56:22","modified_gmt":"2024-10-07T14:56:22","slug":"miskolci-atombunker","status":"publish","type":"post","link":"http:\/\/wgphoto.pl\/t\/?p=1932","title":{"rendered":"Miskolci atombunker"},"content":{"rendered":"\n<figure class=\"wp-block-image aligncenter size-full\"><img loading=\"lazy\" decoding=\"async\" width=\"1200\" height=\"795\" src=\"https:\/\/wgphoto.pl\/t\/wp-content\/uploads\/2024\/10\/IMGP5567-1-1.jpg\" alt=\"\" class=\"wp-image-1934\" srcset=\"http:\/\/wgphoto.pl\/t\/wp-content\/uploads\/2024\/10\/IMGP5567-1-1.jpg 1200w, http:\/\/wgphoto.pl\/t\/wp-content\/uploads\/2024\/10\/IMGP5567-1-1-300x199.jpg 300w, http:\/\/wgphoto.pl\/t\/wp-content\/uploads\/2024\/10\/IMGP5567-1-1-768x509.jpg 768w\" sizes=\"auto, (max-width: 1200px) 100vw, 1200px\" \/><\/figure>\n\n\n\n<div class=\"wp-block-group has-global-padding is-layout-constrained wp-block-group-is-layout-constrained\">\n<p>Miszkolc, odcinek mi\u0119dzy przystankami \u00dajgy\u0151ri piac i Vasgy\u00e1ri Evang\u00e9likus Templom. Maj\u0105c przed oczami to foto zawsze my\u015bla\u0142em o nim jako o kadrze &#8222;z bunkrem&#8221;. Nie zag\u0142\u0119bia\u0142em si\u0119 jednak nigdy, c\u00f3\u017c to za jeden, a tu si\u0119 okazuje, \u017ce nie jest to bunkier bylejaki, tylko przeciwatomowy! \ud83d\ude00 19.06.2014<\/p>\n<\/div>\n","protected":false},"excerpt":{"rendered":"<p>Miszkolc, odcinek mi\u0119dzy przystankami \u00dajgy\u0151ri piac i Vasgy\u00e1ri Evang\u00e9likus Templom. Maj\u0105c przed oczami to foto zawsze my\u015bla\u0142em o nim jako o kadrze &#8222;z bunkrem&#8221;. Nie zag\u0142\u0119bia\u0142em si\u0119 jednak nigdy, c\u00f3\u017c to za jeden, a tu si\u0119 okazuje, \u017ce nie jest to bunkier bylejaki, tylko przeciwatomowy! \ud83d\ude00 19.06.2014<\/p>\n","protected":false},"author":1,"featured_media":1934,"comment_status":"open","ping_status":"","sticky":false,"template":"","format":"standard","meta":{"footnotes":""},"categories":[48,3],"tags":[1007,102,101,1008,45,1006,105],"class_list":["post-1932","post","type-post","status-publish","format-standard","has-post-thumbnail","hentry","category-rok-2014","category-tramwaj","tag-2014-06-19","tag-e1","tag-gt6","tag-miszkolc","tag-most","tag-mvk-miskolc","tag-wegry"],"_links":{"self":[{"href":"http:\/\/wgphoto.pl\/t\/index.php?rest_route=\/wp\/v2\/posts\/1932","targetHints":{"allow":["GET"]}}],"collection":[{"href":"http:\/\/wgphoto.pl\/t\/index.php?rest_route=\/wp\/v2\/posts"}],"about":[{"href":"http:\/\/wgphoto.pl\/t\/index.php?rest_route=\/wp\/v2\/types\/post"}],"author":[{"embeddable":true,"href":"http:\/\/wgphoto.pl\/t\/index.php?rest_route=\/wp\/v2\/users\/1"}],"replies":[{"embeddable":true,"href":"http:\/\/wgphoto.pl\/t\/index.php?rest_route=%2Fwp%2Fv2%2Fcomments&post=1932"}],"version-history":[{"count":1,"href":"http:\/\/wgphoto.pl\/t\/index.php?rest_route=\/wp\/v2\/posts\/1932\/revisions"}],"predecessor-version":[{"id":1935,"href":"http:\/\/wgphoto.pl\/t\/index.php?rest_route=\/wp\/v2\/posts\/1932\/revisions\/1935"}],"wp:featuredmedia":[{"embeddable":true,"href":"http:\/\/wgphoto.pl\/t\/index.php?rest_route=\/wp\/v2\/media\/1934"}],"wp:attachment":[{"href":"http:\/\/wgphoto.pl\/t\/index.php?rest_route=%2Fwp%2Fv2%2Fmedia&parent=1932"}],"wp:term":[{"taxonomy":"category","embeddable":true,"href":"http:\/\/wgphoto.pl\/t\/index.php?rest_route=%2Fwp%2Fv2%2Fcategories&post=1932"},{"taxonomy":"post_tag","embeddable":true,"href":"http:\/\/wgphoto.pl\/t\/index.php?rest_route=%2Fwp%2Fv2%2Ftags&post=1932"}],"curies":[{"name":"wp","href":"https:\/\/api.w.org\/{rel}","templated":true}]}}