{"id":19320,"date":"2025-06-29T12:40:14","date_gmt":"2025-06-29T10:40:14","guid":{"rendered":"https:\/\/wgphoto.pl\/t\/?p=19320"},"modified":"2025-06-29T12:40:14","modified_gmt":"2025-06-29T10:40:14","slug":"jazda-probna-2","status":"publish","type":"post","link":"http:\/\/wgphoto.pl\/t\/?p=19320","title":{"rendered":"Jazda pr\u00f3bna"},"content":{"rendered":"\n<figure class=\"wp-block-image aligncenter size-full\"><img loading=\"lazy\" decoding=\"async\" width=\"1300\" height=\"870\" src=\"https:\/\/wgphoto.pl\/t\/wp-content\/uploads\/2025\/06\/IMGP0185.jpg\" alt=\"\" class=\"wp-image-19321\" srcset=\"http:\/\/wgphoto.pl\/t\/wp-content\/uploads\/2025\/06\/IMGP0185.jpg 1300w, http:\/\/wgphoto.pl\/t\/wp-content\/uploads\/2025\/06\/IMGP0185-300x201.jpg 300w, http:\/\/wgphoto.pl\/t\/wp-content\/uploads\/2025\/06\/IMGP0185-768x514.jpg 768w\" sizes=\"auto, (max-width: 1300px) 100vw, 1300px\" \/><\/figure>\n\n\n\n<div class=\"wp-block-group has-global-padding is-layout-constrained wp-block-group-is-layout-constrained\">\n<p>Maszyna 742.392 oblatuje jeden wagon, z kt\u00f3rym przyjecha\u0142a z Krnova do Brantic w ramach jazdy pr\u00f3bnej z zak\u0142ad\u00f3w naprawczych. 19.10.2012<\/p>\n<\/div>\n","protected":false},"excerpt":{"rendered":"<p>Maszyna 742.392 oblatuje jeden wagon, z kt\u00f3rym przyjecha\u0142a z Krnova do Brantic w ramach jazdy pr\u00f3bnej z zak\u0142ad\u00f3w naprawczych. 19.10.2012<\/p>\n","protected":false},"author":1,"featured_media":19321,"comment_status":"open","ping_status":"","sticky":false,"template":"","format":"standard","meta":{"footnotes":""},"categories":[2,46],"tags":[1142,496,1646,50,49,53,1141,265],"class_list":["post-19320","post","type-post","status-publish","format-standard","has-post-thumbnail","hentry","category-kolej","category-rok-2012","tag-2012-10-19","tag-496","tag-brantice","tag-cd","tag-czechy","tag-sygnalizacja-ksztaltowa","tag-tab-cz310","tag-wagon"],"_links":{"self":[{"href":"http:\/\/wgphoto.pl\/t\/index.php?rest_route=\/wp\/v2\/posts\/19320","targetHints":{"allow":["GET"]}}],"collection":[{"href":"http:\/\/wgphoto.pl\/t\/index.php?rest_route=\/wp\/v2\/posts"}],"about":[{"href":"http:\/\/wgphoto.pl\/t\/index.php?rest_route=\/wp\/v2\/types\/post"}],"author":[{"embeddable":true,"href":"http:\/\/wgphoto.pl\/t\/index.php?rest_route=\/wp\/v2\/users\/1"}],"replies":[{"embeddable":true,"href":"http:\/\/wgphoto.pl\/t\/index.php?rest_route=%2Fwp%2Fv2%2Fcomments&post=19320"}],"version-history":[{"count":1,"href":"http:\/\/wgphoto.pl\/t\/index.php?rest_route=\/wp\/v2\/posts\/19320\/revisions"}],"predecessor-version":[{"id":19322,"href":"http:\/\/wgphoto.pl\/t\/index.php?rest_route=\/wp\/v2\/posts\/19320\/revisions\/19322"}],"wp:featuredmedia":[{"embeddable":true,"href":"http:\/\/wgphoto.pl\/t\/index.php?rest_route=\/wp\/v2\/media\/19321"}],"wp:attachment":[{"href":"http:\/\/wgphoto.pl\/t\/index.php?rest_route=%2Fwp%2Fv2%2Fmedia&parent=19320"}],"wp:term":[{"taxonomy":"category","embeddable":true,"href":"http:\/\/wgphoto.pl\/t\/index.php?rest_route=%2Fwp%2Fv2%2Fcategories&post=19320"},{"taxonomy":"post_tag","embeddable":true,"href":"http:\/\/wgphoto.pl\/t\/index.php?rest_route=%2Fwp%2Fv2%2Ftags&post=19320"}],"curies":[{"name":"wp","href":"https:\/\/api.w.org\/{rel}","templated":true}]}}