{"id":19339,"date":"2025-07-01T18:17:33","date_gmt":"2025-07-01T16:17:33","guid":{"rendered":"https:\/\/wgphoto.pl\/t\/?p=19339"},"modified":"2025-07-01T18:17:33","modified_gmt":"2025-07-01T16:17:33","slug":"tennetschlucht-viadukt","status":"publish","type":"post","link":"http:\/\/wgphoto.pl\/t\/?p=19339","title":{"rendered":"Tennetschlucht-Viadukt"},"content":{"rendered":"\n<figure class=\"wp-block-image aligncenter size-full\"><img loading=\"lazy\" decoding=\"async\" width=\"1300\" height=\"861\" src=\"https:\/\/wgphoto.pl\/t\/wp-content\/uploads\/2025\/07\/IMGP8976.jpg\" alt=\"\" class=\"wp-image-19340\" srcset=\"http:\/\/wgphoto.pl\/t\/wp-content\/uploads\/2025\/07\/IMGP8976.jpg 1300w, http:\/\/wgphoto.pl\/t\/wp-content\/uploads\/2025\/07\/IMGP8976-300x199.jpg 300w, http:\/\/wgphoto.pl\/t\/wp-content\/uploads\/2025\/07\/IMGP8976-768x509.jpg 768w\" sizes=\"auto, (max-width: 1300px) 100vw, 1300px\" \/><\/figure>\n\n\n\n<div class=\"wp-block-group has-global-padding is-layout-constrained wp-block-group-is-layout-constrained\">\n<p>Potr\u00f3jniaka si\u0119 tutaj nie spodziewa\u0142em, a znakomicie wype\u0142ni\u0142 kadr przewidziany na kr\u00f3tki tramwaj. Taki sk\u0142adzik odjecha\u0142 niedawno ze stacji Langenbrand jako kurs linii S81 z Karlsruhe Hbf do Freudenstadt Hbf. 22.08.2022<\/p>\n<\/div>\n","protected":false},"excerpt":{"rendered":"<p>Potr\u00f3jniaka si\u0119 tutaj nie spodziewa\u0142em, a znakomicie wype\u0142ni\u0142 kadr przewidziany na kr\u00f3tki tramwaj. Taki sk\u0142adzik odjecha\u0142 niedawno ze stacji Langenbrand jako kurs linii S81 z Karlsruhe Hbf do Freudenstadt Hbf. 22.08.2022<\/p>\n","protected":false},"author":1,"featured_media":19340,"comment_status":"open","ping_status":"","sticky":false,"template":"","format":"standard","meta":{"footnotes":""},"categories":[669,3],"tags":[1285,1282,2754,3874,4128,45,23,135,3696,1153],"class_list":["post-19339","post","type-post","status-publish","format-standard","has-post-thumbnail","hentry","category-rok-2022","category-tramwaj","tag-2022-08-22","tag-9-euro-ticket-2022","tag-avg-karlsruhe","tag-gt8-100","tag-langenbrand","tag-most","tag-niemcy","tag-potrojniak","tag-stadtbahn-karlsruhe","tag-tramwaj-regionalny"],"_links":{"self":[{"href":"http:\/\/wgphoto.pl\/t\/index.php?rest_route=\/wp\/v2\/posts\/19339","targetHints":{"allow":["GET"]}}],"collection":[{"href":"http:\/\/wgphoto.pl\/t\/index.php?rest_route=\/wp\/v2\/posts"}],"about":[{"href":"http:\/\/wgphoto.pl\/t\/index.php?rest_route=\/wp\/v2\/types\/post"}],"author":[{"embeddable":true,"href":"http:\/\/wgphoto.pl\/t\/index.php?rest_route=\/wp\/v2\/users\/1"}],"replies":[{"embeddable":true,"href":"http:\/\/wgphoto.pl\/t\/index.php?rest_route=%2Fwp%2Fv2%2Fcomments&post=19339"}],"version-history":[{"count":1,"href":"http:\/\/wgphoto.pl\/t\/index.php?rest_route=\/wp\/v2\/posts\/19339\/revisions"}],"predecessor-version":[{"id":19341,"href":"http:\/\/wgphoto.pl\/t\/index.php?rest_route=\/wp\/v2\/posts\/19339\/revisions\/19341"}],"wp:featuredmedia":[{"embeddable":true,"href":"http:\/\/wgphoto.pl\/t\/index.php?rest_route=\/wp\/v2\/media\/19340"}],"wp:attachment":[{"href":"http:\/\/wgphoto.pl\/t\/index.php?rest_route=%2Fwp%2Fv2%2Fmedia&parent=19339"}],"wp:term":[{"taxonomy":"category","embeddable":true,"href":"http:\/\/wgphoto.pl\/t\/index.php?rest_route=%2Fwp%2Fv2%2Fcategories&post=19339"},{"taxonomy":"post_tag","embeddable":true,"href":"http:\/\/wgphoto.pl\/t\/index.php?rest_route=%2Fwp%2Fv2%2Ftags&post=19339"}],"curies":[{"name":"wp","href":"https:\/\/api.w.org\/{rel}","templated":true}]}}