{"id":1939,"date":"2024-10-07T17:00:23","date_gmt":"2024-10-07T15:00:23","guid":{"rendered":"https:\/\/wgphoto.pl\/t\/?p=1939"},"modified":"2024-10-07T17:00:23","modified_gmt":"2024-10-07T15:00:23","slug":"nocleg-na-ulicy","status":"publish","type":"post","link":"http:\/\/wgphoto.pl\/t\/?p=1939","title":{"rendered":"Nocleg na ulicy"},"content":{"rendered":"\n<figure class=\"wp-block-image aligncenter size-full\"><img loading=\"lazy\" decoding=\"async\" width=\"1200\" height=\"803\" src=\"https:\/\/wgphoto.pl\/t\/wp-content\/uploads\/2024\/10\/IMGP7828.jpg\" alt=\"\" class=\"wp-image-1940\" srcset=\"http:\/\/wgphoto.pl\/t\/wp-content\/uploads\/2024\/10\/IMGP7828.jpg 1200w, http:\/\/wgphoto.pl\/t\/wp-content\/uploads\/2024\/10\/IMGP7828-300x201.jpg 300w, http:\/\/wgphoto.pl\/t\/wp-content\/uploads\/2024\/10\/IMGP7828-768x514.jpg 768w\" sizes=\"auto, (max-width: 1200px) 100vw, 1200px\" \/><\/figure>\n\n\n\n<div class=\"wp-block-group has-global-padding is-layout-constrained wp-block-group-is-layout-constrained\">\n<p>O\u0142omuniec, ul. Sokolsk\u00e1. Zajezdnia DPMO (znajduj\u0105ca si\u0119 za kamienic\u0105 po lewej) jest nieco za ma\u0142a, wi\u0119c tramwaje nocuj\u0105 tak\u017ce na torach odstawczych &#8222;na podw\u00f3rku&#8221; na wprost, a ostatnim pozostaje ulica. W tle wie\u017ce katedry. 23.07.2009<\/p>\n<\/div>\n","protected":false},"excerpt":{"rendered":"<p>O\u0142omuniec, ul. Sokolsk\u00e1. Zajezdnia DPMO (znajduj\u0105ca si\u0119 za kamienic\u0105 po lewej) jest nieco za ma\u0142a, wi\u0119c tramwaje nocuj\u0105 tak\u017ce na torach odstawczych &#8222;na podw\u00f3rku&#8221; na wprost, a ostatnim pozostaje ulica. W tle wie\u017ce katedry. 23.07.2009<\/p>\n","protected":false},"author":1,"featured_media":1940,"comment_status":"open","ping_status":"","sticky":false,"template":"","format":"standard","meta":{"footnotes":""},"categories":[169,3],"tags":[287,34,49,1013,154,1012,1011],"class_list":["post-1939","post","type-post","status-publish","format-standard","has-post-thumbnail","hentry","category-rok-2009","category-tramwaj","tag-2009-07-23","tag-architektura","tag-czechy","tag-dpmo-olomouc","tag-noc","tag-olomuniec","tag-tatra-t3"],"_links":{"self":[{"href":"http:\/\/wgphoto.pl\/t\/index.php?rest_route=\/wp\/v2\/posts\/1939","targetHints":{"allow":["GET"]}}],"collection":[{"href":"http:\/\/wgphoto.pl\/t\/index.php?rest_route=\/wp\/v2\/posts"}],"about":[{"href":"http:\/\/wgphoto.pl\/t\/index.php?rest_route=\/wp\/v2\/types\/post"}],"author":[{"embeddable":true,"href":"http:\/\/wgphoto.pl\/t\/index.php?rest_route=\/wp\/v2\/users\/1"}],"replies":[{"embeddable":true,"href":"http:\/\/wgphoto.pl\/t\/index.php?rest_route=%2Fwp%2Fv2%2Fcomments&post=1939"}],"version-history":[{"count":1,"href":"http:\/\/wgphoto.pl\/t\/index.php?rest_route=\/wp\/v2\/posts\/1939\/revisions"}],"predecessor-version":[{"id":1941,"href":"http:\/\/wgphoto.pl\/t\/index.php?rest_route=\/wp\/v2\/posts\/1939\/revisions\/1941"}],"wp:featuredmedia":[{"embeddable":true,"href":"http:\/\/wgphoto.pl\/t\/index.php?rest_route=\/wp\/v2\/media\/1940"}],"wp:attachment":[{"href":"http:\/\/wgphoto.pl\/t\/index.php?rest_route=%2Fwp%2Fv2%2Fmedia&parent=1939"}],"wp:term":[{"taxonomy":"category","embeddable":true,"href":"http:\/\/wgphoto.pl\/t\/index.php?rest_route=%2Fwp%2Fv2%2Fcategories&post=1939"},{"taxonomy":"post_tag","embeddable":true,"href":"http:\/\/wgphoto.pl\/t\/index.php?rest_route=%2Fwp%2Fv2%2Ftags&post=1939"}],"curies":[{"name":"wp","href":"https:\/\/api.w.org\/{rel}","templated":true}]}}