{"id":19416,"date":"2025-07-02T21:00:37","date_gmt":"2025-07-02T19:00:37","guid":{"rendered":"https:\/\/wgphoto.pl\/t\/?p=19416"},"modified":"2025-07-02T21:00:37","modified_gmt":"2025-07-02T19:00:37","slug":"hradec-kralove-hl-n","status":"publish","type":"post","link":"http:\/\/wgphoto.pl\/t\/?p=19416","title":{"rendered":"Hradec Kr\u00e1lov\u00e9 hl.n."},"content":{"rendered":"\n<figure class=\"wp-block-image aligncenter size-full\"><img loading=\"lazy\" decoding=\"async\" width=\"1300\" height=\"861\" src=\"https:\/\/wgphoto.pl\/t\/wp-content\/uploads\/2025\/07\/IMGP2505-1.jpg\" alt=\"\" class=\"wp-image-19417\" srcset=\"http:\/\/wgphoto.pl\/t\/wp-content\/uploads\/2025\/07\/IMGP2505-1.jpg 1300w, http:\/\/wgphoto.pl\/t\/wp-content\/uploads\/2025\/07\/IMGP2505-1-300x199.jpg 300w, http:\/\/wgphoto.pl\/t\/wp-content\/uploads\/2025\/07\/IMGP2505-1-768x509.jpg 768w\" sizes=\"auto, (max-width: 1300px) 100vw, 1300px\" \/><\/figure>\n\n\n\n<div class=\"wp-block-group has-global-padding is-layout-constrained wp-block-group-is-layout-constrained\">\n<p>Stacja Hradec Kr\u00e1lov\u00e9 hl.n. w ca\u0142ej swej okaza\u0142o\u015bci. Przy peronie zatrzyma\u0142 si\u0119 w\u0142a\u015bnie zestaw jednostek serii 845 (ex-DB BR628; z ty\u0142u 845.111) jako poci\u0105g pospieszny 1070 z Pardubic hl.n. do Liberca. 03.05.2023<\/p>\n<\/div>\n","protected":false},"excerpt":{"rendered":"<p>Stacja Hradec Kr\u00e1lov\u00e9 hl.n. w ca\u0142ej swej okaza\u0142o\u015bci. Przy peronie zatrzyma\u0142 si\u0119 w\u0142a\u015bnie zestaw jednostek serii 845 (ex-DB BR628; z ty\u0142u 845.111) jako poci\u0105g pospieszny 1070 z Pardubic hl.n. do Liberca. 03.05.2023<\/p>\n","protected":false},"author":1,"featured_media":19417,"comment_status":"open","ping_status":"","sticky":false,"template":"","format":"standard","meta":{"footnotes":""},"categories":[2,6],"tags":[4141,1450,3934,1988,50,49,4142,24],"class_list":["post-19416","post","type-post","status-publish","format-standard","has-post-thumbnail","hentry","category-kolej","category-2023r","tag-2023-05-03","tag-1450","tag-3934","tag-arriva","tag-cd","tag-czechy","tag-hradec-kralove-hlavni-nadrazi","tag-perony"],"_links":{"self":[{"href":"http:\/\/wgphoto.pl\/t\/index.php?rest_route=\/wp\/v2\/posts\/19416","targetHints":{"allow":["GET"]}}],"collection":[{"href":"http:\/\/wgphoto.pl\/t\/index.php?rest_route=\/wp\/v2\/posts"}],"about":[{"href":"http:\/\/wgphoto.pl\/t\/index.php?rest_route=\/wp\/v2\/types\/post"}],"author":[{"embeddable":true,"href":"http:\/\/wgphoto.pl\/t\/index.php?rest_route=\/wp\/v2\/users\/1"}],"replies":[{"embeddable":true,"href":"http:\/\/wgphoto.pl\/t\/index.php?rest_route=%2Fwp%2Fv2%2Fcomments&post=19416"}],"version-history":[{"count":1,"href":"http:\/\/wgphoto.pl\/t\/index.php?rest_route=\/wp\/v2\/posts\/19416\/revisions"}],"predecessor-version":[{"id":19418,"href":"http:\/\/wgphoto.pl\/t\/index.php?rest_route=\/wp\/v2\/posts\/19416\/revisions\/19418"}],"wp:featuredmedia":[{"embeddable":true,"href":"http:\/\/wgphoto.pl\/t\/index.php?rest_route=\/wp\/v2\/media\/19417"}],"wp:attachment":[{"href":"http:\/\/wgphoto.pl\/t\/index.php?rest_route=%2Fwp%2Fv2%2Fmedia&parent=19416"}],"wp:term":[{"taxonomy":"category","embeddable":true,"href":"http:\/\/wgphoto.pl\/t\/index.php?rest_route=%2Fwp%2Fv2%2Fcategories&post=19416"},{"taxonomy":"post_tag","embeddable":true,"href":"http:\/\/wgphoto.pl\/t\/index.php?rest_route=%2Fwp%2Fv2%2Ftags&post=19416"}],"curies":[{"name":"wp","href":"https:\/\/api.w.org\/{rel}","templated":true}]}}