{"id":19453,"date":"2025-07-02T21:13:15","date_gmt":"2025-07-02T19:13:15","guid":{"rendered":"https:\/\/wgphoto.pl\/t\/?p=19453"},"modified":"2025-07-02T21:13:15","modified_gmt":"2025-07-02T19:13:15","slug":"tatra-t6a5-11191120","status":"publish","type":"post","link":"http:\/\/wgphoto.pl\/t\/?p=19453","title":{"rendered":"Tatra T6A5 1119+1120"},"content":{"rendered":"\n<figure class=\"wp-block-image aligncenter size-full\"><img loading=\"lazy\" decoding=\"async\" width=\"1300\" height=\"862\" src=\"https:\/\/wgphoto.pl\/t\/wp-content\/uploads\/2025\/07\/0729-27.jpg\" alt=\"\" class=\"wp-image-19454\" srcset=\"http:\/\/wgphoto.pl\/t\/wp-content\/uploads\/2025\/07\/0729-27.jpg 1300w, http:\/\/wgphoto.pl\/t\/wp-content\/uploads\/2025\/07\/0729-27-300x199.jpg 300w, http:\/\/wgphoto.pl\/t\/wp-content\/uploads\/2025\/07\/0729-27-768x509.jpg 768w\" sizes=\"auto, (max-width: 1300px) 100vw, 1300px\" \/><\/figure>\n\n\n\n<div class=\"wp-block-group has-global-padding is-layout-constrained wp-block-group-is-layout-constrained\">\n<p>Ostrawa, ul. 17. listopadu, sk\u0142ad T6A5 1119+1120. Takie Tatry te\u017c wkr\u00f3tce znikn\u0105 z ostrawskich ulic [opis z 2023], ale wtedy jeszcze bez problemu mo\u017cna by\u0142o us\u0142ysze\u0107 j\u0119czenie ich tyrystor\u00f3w. 12.09.2007<\/p>\n<\/div>\n","protected":false},"excerpt":{"rendered":"<p>Ostrawa, ul. 17. listopadu, sk\u0142ad T6A5 1119+1120. Takie Tatry te\u017c wkr\u00f3tce znikn\u0105 z ostrawskich ulic [opis z 2023], ale wtedy jeszcze bez problemu mo\u017cna by\u0142o us\u0142ysze\u0107 j\u0119czenie ich tyrystor\u00f3w. 12.09.2007<\/p>\n","protected":false},"author":1,"featured_media":19454,"comment_status":"open","ping_status":"","sticky":false,"template":"","format":"standard","meta":{"footnotes":""},"categories":[62,96,3],"tags":[1738,34,49,2147,899,897,841],"class_list":["post-19453","post","type-post","status-publish","format-standard","has-post-thumbnail","hentry","category-analog","category-rok-2007","category-tramwaj","tag-2007-09-12","tag-architektura","tag-czechy","tag-czechy-po-raz-pierwszy","tag-dp-ostrava","tag-ostrawa","tag-tatra-t6"],"_links":{"self":[{"href":"http:\/\/wgphoto.pl\/t\/index.php?rest_route=\/wp\/v2\/posts\/19453","targetHints":{"allow":["GET"]}}],"collection":[{"href":"http:\/\/wgphoto.pl\/t\/index.php?rest_route=\/wp\/v2\/posts"}],"about":[{"href":"http:\/\/wgphoto.pl\/t\/index.php?rest_route=\/wp\/v2\/types\/post"}],"author":[{"embeddable":true,"href":"http:\/\/wgphoto.pl\/t\/index.php?rest_route=\/wp\/v2\/users\/1"}],"replies":[{"embeddable":true,"href":"http:\/\/wgphoto.pl\/t\/index.php?rest_route=%2Fwp%2Fv2%2Fcomments&post=19453"}],"version-history":[{"count":1,"href":"http:\/\/wgphoto.pl\/t\/index.php?rest_route=\/wp\/v2\/posts\/19453\/revisions"}],"predecessor-version":[{"id":19455,"href":"http:\/\/wgphoto.pl\/t\/index.php?rest_route=\/wp\/v2\/posts\/19453\/revisions\/19455"}],"wp:featuredmedia":[{"embeddable":true,"href":"http:\/\/wgphoto.pl\/t\/index.php?rest_route=\/wp\/v2\/media\/19454"}],"wp:attachment":[{"href":"http:\/\/wgphoto.pl\/t\/index.php?rest_route=%2Fwp%2Fv2%2Fmedia&parent=19453"}],"wp:term":[{"taxonomy":"category","embeddable":true,"href":"http:\/\/wgphoto.pl\/t\/index.php?rest_route=%2Fwp%2Fv2%2Fcategories&post=19453"},{"taxonomy":"post_tag","embeddable":true,"href":"http:\/\/wgphoto.pl\/t\/index.php?rest_route=%2Fwp%2Fv2%2Ftags&post=19453"}],"curies":[{"name":"wp","href":"https:\/\/api.w.org\/{rel}","templated":true}]}}