{"id":19483,"date":"2025-07-03T17:28:48","date_gmt":"2025-07-03T15:28:48","guid":{"rendered":"https:\/\/wgphoto.pl\/t\/?p=19483"},"modified":"2025-12-21T19:51:06","modified_gmt":"2025-12-21T18:51:06","slug":"242-261-6-rajhrad","status":"publish","type":"post","link":"http:\/\/wgphoto.pl\/t\/?p=19483","title":{"rendered":"242.261-6, Rajhrad"},"content":{"rendered":"\n<figure class=\"wp-block-image aligncenter size-full\"><img loading=\"lazy\" decoding=\"async\" width=\"1300\" height=\"813\" src=\"https:\/\/wgphoto.pl\/t\/wp-content\/uploads\/2025\/07\/IMGP0045-1.jpg\" alt=\"\" class=\"wp-image-19484\" srcset=\"http:\/\/wgphoto.pl\/t\/wp-content\/uploads\/2025\/07\/IMGP0045-1.jpg 1300w, http:\/\/wgphoto.pl\/t\/wp-content\/uploads\/2025\/07\/IMGP0045-1-300x188.jpg 300w, http:\/\/wgphoto.pl\/t\/wp-content\/uploads\/2025\/07\/IMGP0045-1-768x480.jpg 768w\" sizes=\"auto, (max-width: 1300px) 100vw, 1300px\" \/><\/figure>\n\n\n\n<div class=\"wp-block-group has-global-padding is-layout-constrained wp-block-group-is-layout-constrained\">\n<p>Tytu\u0142owa maszyna rozp\u0119dza si\u0119 z poci\u0105giem osobowym 4645 relacji Ti\u0161nov &#8211; B\u0159eclav po postoju na przystanku Rajhrad. W tym miejscu w godzinach szczytu poci\u0105gi osobowe kursuj\u0105 co 15 minut, a do tego dochodz\u0105 dalekobie\u017cne pasa\u017cerskie oraz towarowe. W zwi\u0105zku z tym likwidacja tutejszej stacji w roku 2000 okaza\u0142a si\u0119 by\u0107 chybion\u0105 decyzj\u0105 i w najbli\u017cszych latach Rajhrad ponownie ma si\u0119 sta\u0107 stacj\u0105. 30.08.2020<\/p>\n<\/div>\n","protected":false},"excerpt":{"rendered":"<p>Tytu\u0142owa maszyna rozp\u0119dza si\u0119 z poci\u0105giem osobowym 4645 relacji Ti\u0161nov &#8211; B\u0159eclav po postoju na przystanku Rajhrad. W tym miejscu w godzinach szczytu poci\u0105gi osobowe kursuj\u0105 co 15 minut, a do tego dochodz\u0105 dalekobie\u017cne pasa\u017cerskie oraz towarowe. W zwi\u0105zku z tym likwidacja tutejszej stacji w roku 2000 okaza\u0142a si\u0119 by\u0107 chybion\u0105 decyzj\u0105 i w najbli\u017cszych [&hellip;]<\/p>\n","protected":false},"author":1,"featured_media":19484,"comment_status":"open","ping_status":"","sticky":false,"template":"","format":"standard","meta":{"footnotes":""},"categories":[2,676],"tags":[1943,305,50,49,303,1942,4151,2366],"class_list":["post-19483","post","type-post","status-publish","format-standard","has-post-thumbnail","hentry","category-kolej","category-rok-2020","tag-2020-08-30","tag-305","tag-cd","tag-czechy","tag-industrial","tag-morawy-2020","tag-rajhrad","tag-tab-cz250"],"_links":{"self":[{"href":"http:\/\/wgphoto.pl\/t\/index.php?rest_route=\/wp\/v2\/posts\/19483","targetHints":{"allow":["GET"]}}],"collection":[{"href":"http:\/\/wgphoto.pl\/t\/index.php?rest_route=\/wp\/v2\/posts"}],"about":[{"href":"http:\/\/wgphoto.pl\/t\/index.php?rest_route=\/wp\/v2\/types\/post"}],"author":[{"embeddable":true,"href":"http:\/\/wgphoto.pl\/t\/index.php?rest_route=\/wp\/v2\/users\/1"}],"replies":[{"embeddable":true,"href":"http:\/\/wgphoto.pl\/t\/index.php?rest_route=%2Fwp%2Fv2%2Fcomments&post=19483"}],"version-history":[{"count":1,"href":"http:\/\/wgphoto.pl\/t\/index.php?rest_route=\/wp\/v2\/posts\/19483\/revisions"}],"predecessor-version":[{"id":19485,"href":"http:\/\/wgphoto.pl\/t\/index.php?rest_route=\/wp\/v2\/posts\/19483\/revisions\/19485"}],"wp:featuredmedia":[{"embeddable":true,"href":"http:\/\/wgphoto.pl\/t\/index.php?rest_route=\/wp\/v2\/media\/19484"}],"wp:attachment":[{"href":"http:\/\/wgphoto.pl\/t\/index.php?rest_route=%2Fwp%2Fv2%2Fmedia&parent=19483"}],"wp:term":[{"taxonomy":"category","embeddable":true,"href":"http:\/\/wgphoto.pl\/t\/index.php?rest_route=%2Fwp%2Fv2%2Fcategories&post=19483"},{"taxonomy":"post_tag","embeddable":true,"href":"http:\/\/wgphoto.pl\/t\/index.php?rest_route=%2Fwp%2Fv2%2Ftags&post=19483"}],"curies":[{"name":"wp","href":"https:\/\/api.w.org\/{rel}","templated":true}]}}