{"id":19555,"date":"2025-07-04T18:00:51","date_gmt":"2025-07-04T16:00:51","guid":{"rendered":"https:\/\/wgphoto.pl\/t\/?p=19555"},"modified":"2025-07-04T18:00:51","modified_gmt":"2025-07-04T16:00:51","slug":"holesovicky-most","status":"publish","type":"post","link":"http:\/\/wgphoto.pl\/t\/?p=19555","title":{"rendered":"Hole\u0161ovick\u00fd most"},"content":{"rendered":"\n<figure class=\"wp-block-image aligncenter size-full\"><img loading=\"lazy\" decoding=\"async\" width=\"1300\" height=\"861\" src=\"https:\/\/wgphoto.pl\/t\/wp-content\/uploads\/2025\/07\/IMGP5705.jpg\" alt=\"\" class=\"wp-image-19556\" srcset=\"http:\/\/wgphoto.pl\/t\/wp-content\/uploads\/2025\/07\/IMGP5705.jpg 1300w, http:\/\/wgphoto.pl\/t\/wp-content\/uploads\/2025\/07\/IMGP5705-300x199.jpg 300w, http:\/\/wgphoto.pl\/t\/wp-content\/uploads\/2025\/07\/IMGP5705-768x509.jpg 768w\" sizes=\"auto, (max-width: 1300px) 100vw, 1300px\" \/><\/figure>\n\n\n\n<div class=\"wp-block-group has-global-padding is-layout-constrained wp-block-group-is-layout-constrained\">\n<p>Poci\u0105g R611 &#8222;Kru\u0161nohor&#8221; relacji Cheb &#8211; Praha hl.n., prowadzony maszyn\u0105 151.027, min\u0105\u0142 dworzec Praha-Hole\u0161ovice i przeprawia si\u0119 na drugi brzeg We\u0142tawy. 11.11.2021<\/p>\n<\/div>\n","protected":false},"excerpt":{"rendered":"<p>Poci\u0105g R611 &#8222;Kru\u0161nohor&#8221; relacji Cheb &#8211; Praha hl.n., prowadzony maszyn\u0105 151.027, min\u0105\u0142 dworzec Praha-Hole\u0161ovice i przeprawia si\u0119 na drugi brzeg We\u0142tawy. 11.11.2021<\/p>\n","protected":false},"author":1,"featured_media":19556,"comment_status":"open","ping_status":"","sticky":false,"template":"","format":"standard","meta":{"footnotes":""},"categories":[2,681],"tags":[1966,2738,50,49,126,113,821,45,52,4163,73,349],"class_list":["post-19555","post","type-post","status-publish","format-standard","has-post-thumbnail","hentry","category-kolej","category-rok-2021","tag-1966","tag-2021-11-11","tag-cd","tag-czechy","tag-jesien","tag-landszaft","tag-mgla","tag-most","tag-praga","tag-praha-holesovice","tag-rzeka","tag-tab-cz090"],"_links":{"self":[{"href":"http:\/\/wgphoto.pl\/t\/index.php?rest_route=\/wp\/v2\/posts\/19555","targetHints":{"allow":["GET"]}}],"collection":[{"href":"http:\/\/wgphoto.pl\/t\/index.php?rest_route=\/wp\/v2\/posts"}],"about":[{"href":"http:\/\/wgphoto.pl\/t\/index.php?rest_route=\/wp\/v2\/types\/post"}],"author":[{"embeddable":true,"href":"http:\/\/wgphoto.pl\/t\/index.php?rest_route=\/wp\/v2\/users\/1"}],"replies":[{"embeddable":true,"href":"http:\/\/wgphoto.pl\/t\/index.php?rest_route=%2Fwp%2Fv2%2Fcomments&post=19555"}],"version-history":[{"count":1,"href":"http:\/\/wgphoto.pl\/t\/index.php?rest_route=\/wp\/v2\/posts\/19555\/revisions"}],"predecessor-version":[{"id":19557,"href":"http:\/\/wgphoto.pl\/t\/index.php?rest_route=\/wp\/v2\/posts\/19555\/revisions\/19557"}],"wp:featuredmedia":[{"embeddable":true,"href":"http:\/\/wgphoto.pl\/t\/index.php?rest_route=\/wp\/v2\/media\/19556"}],"wp:attachment":[{"href":"http:\/\/wgphoto.pl\/t\/index.php?rest_route=%2Fwp%2Fv2%2Fmedia&parent=19555"}],"wp:term":[{"taxonomy":"category","embeddable":true,"href":"http:\/\/wgphoto.pl\/t\/index.php?rest_route=%2Fwp%2Fv2%2Fcategories&post=19555"},{"taxonomy":"post_tag","embeddable":true,"href":"http:\/\/wgphoto.pl\/t\/index.php?rest_route=%2Fwp%2Fv2%2Ftags&post=19555"}],"curies":[{"name":"wp","href":"https:\/\/api.w.org\/{rel}","templated":true}]}}