{"id":1957,"date":"2024-10-07T17:08:34","date_gmt":"2024-10-07T15:08:34","guid":{"rendered":"https:\/\/wgphoto.pl\/t\/?p=1957"},"modified":"2024-10-07T17:08:34","modified_gmt":"2024-10-07T15:08:34","slug":"neos-kosmos","status":"publish","type":"post","link":"http:\/\/wgphoto.pl\/t\/?p=1957","title":{"rendered":"Neos Kosmos"},"content":{"rendered":"\n<figure class=\"wp-block-image aligncenter size-full\"><img loading=\"lazy\" decoding=\"async\" width=\"1200\" height=\"800\" src=\"https:\/\/wgphoto.pl\/t\/wp-content\/uploads\/2024\/10\/IMGP8360.jpg\" alt=\"\" class=\"wp-image-1958\" srcset=\"http:\/\/wgphoto.pl\/t\/wp-content\/uploads\/2024\/10\/IMGP8360.jpg 1200w, http:\/\/wgphoto.pl\/t\/wp-content\/uploads\/2024\/10\/IMGP8360-300x200.jpg 300w, http:\/\/wgphoto.pl\/t\/wp-content\/uploads\/2024\/10\/IMGP8360-768x512.jpg 768w\" sizes=\"auto, (max-width: 1200px) 100vw, 1200px\" \/><\/figure>\n\n\n\n<div class=\"wp-block-group has-global-padding is-layout-constrained wp-block-group-is-layout-constrained\">\n<p>Ateny, Gouveli. Jeden z przyjemniejszych zak\u0105tk\u00f3w, bo z wy\u0142\u0105czonym lub ograniczonym ruchem ko\u0142owym. Wymiana pasa\u017cerska by\u0142a tu spora, poniewa\u017c w pobli\u017cu znajduje si\u0119 stacja metra o nazwie jak w tytule. 10.11.2014<\/p>\n<\/div>\n","protected":false},"excerpt":{"rendered":"<p>Ateny, Gouveli. Jeden z przyjemniejszych zak\u0105tk\u00f3w, bo z wy\u0142\u0105czonym lub ograniczonym ruchem ko\u0142owym. Wymiana pasa\u017cerska by\u0142a tu spora, poniewa\u017c w pobli\u017cu znajduje si\u0119 stacja metra o nazwie jak w tytule. 10.11.2014<\/p>\n","protected":false},"author":1,"featured_media":1958,"comment_status":"open","ping_status":"","sticky":false,"template":"","format":"standard","meta":{"footnotes":""},"categories":[48,3],"tags":[1023,1015,239,1014,173,151,831,1017],"class_list":["post-1957","post","type-post","status-publish","format-standard","has-post-thumbnail","hentry","category-rok-2014","category-tramwaj","tag-2014-11-10","tag-ateny","tag-deptak","tag-grecja","tag-koncowki","tag-ludzie","tag-sirio","tag-1017"],"_links":{"self":[{"href":"http:\/\/wgphoto.pl\/t\/index.php?rest_route=\/wp\/v2\/posts\/1957","targetHints":{"allow":["GET"]}}],"collection":[{"href":"http:\/\/wgphoto.pl\/t\/index.php?rest_route=\/wp\/v2\/posts"}],"about":[{"href":"http:\/\/wgphoto.pl\/t\/index.php?rest_route=\/wp\/v2\/types\/post"}],"author":[{"embeddable":true,"href":"http:\/\/wgphoto.pl\/t\/index.php?rest_route=\/wp\/v2\/users\/1"}],"replies":[{"embeddable":true,"href":"http:\/\/wgphoto.pl\/t\/index.php?rest_route=%2Fwp%2Fv2%2Fcomments&post=1957"}],"version-history":[{"count":1,"href":"http:\/\/wgphoto.pl\/t\/index.php?rest_route=\/wp\/v2\/posts\/1957\/revisions"}],"predecessor-version":[{"id":1959,"href":"http:\/\/wgphoto.pl\/t\/index.php?rest_route=\/wp\/v2\/posts\/1957\/revisions\/1959"}],"wp:featuredmedia":[{"embeddable":true,"href":"http:\/\/wgphoto.pl\/t\/index.php?rest_route=\/wp\/v2\/media\/1958"}],"wp:attachment":[{"href":"http:\/\/wgphoto.pl\/t\/index.php?rest_route=%2Fwp%2Fv2%2Fmedia&parent=1957"}],"wp:term":[{"taxonomy":"category","embeddable":true,"href":"http:\/\/wgphoto.pl\/t\/index.php?rest_route=%2Fwp%2Fv2%2Fcategories&post=1957"},{"taxonomy":"post_tag","embeddable":true,"href":"http:\/\/wgphoto.pl\/t\/index.php?rest_route=%2Fwp%2Fv2%2Ftags&post=1957"}],"curies":[{"name":"wp","href":"https:\/\/api.w.org\/{rel}","templated":true}]}}