{"id":19603,"date":"2025-07-05T13:25:26","date_gmt":"2025-07-05T11:25:26","guid":{"rendered":"https:\/\/wgphoto.pl\/t\/?p=19603"},"modified":"2025-07-05T13:25:26","modified_gmt":"2025-07-05T11:25:26","slug":"fittja","status":"publish","type":"post","link":"http:\/\/wgphoto.pl\/t\/?p=19603","title":{"rendered":"Fittja"},"content":{"rendered":"\n<figure class=\"wp-block-image aligncenter size-full\"><img loading=\"lazy\" decoding=\"async\" width=\"1300\" height=\"975\" src=\"https:\/\/wgphoto.pl\/t\/wp-content\/uploads\/2025\/07\/IMGP1716-3.jpg\" alt=\"\" class=\"wp-image-19604\" srcset=\"http:\/\/wgphoto.pl\/t\/wp-content\/uploads\/2025\/07\/IMGP1716-3.jpg 1300w, http:\/\/wgphoto.pl\/t\/wp-content\/uploads\/2025\/07\/IMGP1716-3-300x225.jpg 300w, http:\/\/wgphoto.pl\/t\/wp-content\/uploads\/2025\/07\/IMGP1716-3-768x576.jpg 768w\" sizes=\"auto, (max-width: 1300px) 100vw, 1300px\" \/><\/figure>\n\n\n\n<div class=\"wp-block-group has-global-padding is-layout-constrained wp-block-group-is-layout-constrained\">\n<p>Sk\u0142ad Bombardier\u00f3w Movia typu C30 nr 2337+? odjecha\u0142 z widocznej w tle stacji Fittja w gminie Botkyrka w aglomeracji sztokholmskiej. 31.03.2023<\/p>\n<\/div>\n","protected":false},"excerpt":{"rendered":"<p>Sk\u0142ad Bombardier\u00f3w Movia typu C30 nr 2337+? odjecha\u0142 z widocznej w tle stacji Fittja w gminie Botkyrka w aglomeracji sztokholmskiej. 31.03.2023<\/p>\n","protected":false},"author":1,"featured_media":19604,"comment_status":"open","ping_status":"","sticky":false,"template":"","format":"standard","meta":{"footnotes":""},"categories":[4,6],"tags":[4117,2199,682,44,1127,686,685,4101],"class_list":["post-19603","post","type-post","status-publish","format-standard","has-post-thumbnail","hentry","category-metro","category-2023r","tag-2023-03-31","tag-c30","tag-sl-stockholm","tag-snieg","tag-stockholms-tunnelbana","tag-sztokholm","tag-szwecja","tag-szwedzka-wiosna-2023"],"_links":{"self":[{"href":"http:\/\/wgphoto.pl\/t\/index.php?rest_route=\/wp\/v2\/posts\/19603","targetHints":{"allow":["GET"]}}],"collection":[{"href":"http:\/\/wgphoto.pl\/t\/index.php?rest_route=\/wp\/v2\/posts"}],"about":[{"href":"http:\/\/wgphoto.pl\/t\/index.php?rest_route=\/wp\/v2\/types\/post"}],"author":[{"embeddable":true,"href":"http:\/\/wgphoto.pl\/t\/index.php?rest_route=\/wp\/v2\/users\/1"}],"replies":[{"embeddable":true,"href":"http:\/\/wgphoto.pl\/t\/index.php?rest_route=%2Fwp%2Fv2%2Fcomments&post=19603"}],"version-history":[{"count":1,"href":"http:\/\/wgphoto.pl\/t\/index.php?rest_route=\/wp\/v2\/posts\/19603\/revisions"}],"predecessor-version":[{"id":19605,"href":"http:\/\/wgphoto.pl\/t\/index.php?rest_route=\/wp\/v2\/posts\/19603\/revisions\/19605"}],"wp:featuredmedia":[{"embeddable":true,"href":"http:\/\/wgphoto.pl\/t\/index.php?rest_route=\/wp\/v2\/media\/19604"}],"wp:attachment":[{"href":"http:\/\/wgphoto.pl\/t\/index.php?rest_route=%2Fwp%2Fv2%2Fmedia&parent=19603"}],"wp:term":[{"taxonomy":"category","embeddable":true,"href":"http:\/\/wgphoto.pl\/t\/index.php?rest_route=%2Fwp%2Fv2%2Fcategories&post=19603"},{"taxonomy":"post_tag","embeddable":true,"href":"http:\/\/wgphoto.pl\/t\/index.php?rest_route=%2Fwp%2Fv2%2Ftags&post=19603"}],"curies":[{"name":"wp","href":"https:\/\/api.w.org\/{rel}","templated":true}]}}