{"id":19606,"date":"2025-07-05T13:26:44","date_gmt":"2025-07-05T11:26:44","guid":{"rendered":"https:\/\/wgphoto.pl\/t\/?p=19606"},"modified":"2025-07-05T13:26:44","modified_gmt":"2025-07-05T11:26:44","slug":"nocleg","status":"publish","type":"post","link":"http:\/\/wgphoto.pl\/t\/?p=19606","title":{"rendered":"Nocleg"},"content":{"rendered":"\n<figure class=\"wp-block-image aligncenter size-full\"><img loading=\"lazy\" decoding=\"async\" width=\"1299\" height=\"812\" src=\"https:\/\/wgphoto.pl\/t\/wp-content\/uploads\/2025\/07\/0323-37_rsn.jpg\" alt=\"\" class=\"wp-image-19607\" srcset=\"http:\/\/wgphoto.pl\/t\/wp-content\/uploads\/2025\/07\/0323-37_rsn.jpg 1299w, http:\/\/wgphoto.pl\/t\/wp-content\/uploads\/2025\/07\/0323-37_rsn-300x188.jpg 300w, http:\/\/wgphoto.pl\/t\/wp-content\/uploads\/2025\/07\/0323-37_rsn-768x480.jpg 768w\" sizes=\"auto, (max-width: 1299px) 100vw, 1299px\" \/><\/figure>\n\n\n\n<div class=\"wp-block-group has-global-padding is-layout-constrained wp-block-group-is-layout-constrained\">\n<p>SU46-051 wraz ze swoim sk\u0142adem nocuje w Ko\u015bcierzynie. Jest ju\u017c pewnie jaka\u015b p\u00f3\u0142noc, a ja, wraz ze wsp\u00f3\u0142towarzyszem wycieczki, zaraz zajmiemy wygodne kanapy w kt\u00f3rej\u015b z bonanz po to by obudzi\u0107 si\u0119 za kilka godzin, ju\u017c w jad\u0105cym poci\u0105gu do Wierzchucina. 20.07.2003<\/p>\n<\/div>\n","protected":false},"excerpt":{"rendered":"<p>SU46-051 wraz ze swoim sk\u0142adem nocuje w Ko\u015bcierzynie. Jest ju\u017c pewnie jaka\u015b p\u00f3\u0142noc, a ja, wraz ze wsp\u00f3\u0142towarzyszem wycieczki, zaraz zajmiemy wygodne kanapy w kt\u00f3rej\u015b z bonanz po to by obudzi\u0107 si\u0119 za kilka godzin, ju\u017c w jad\u0105cym poci\u0105gu do Wierzchucina. 20.07.2003<\/p>\n","protected":false},"author":1,"featured_media":19607,"comment_status":"open","ping_status":"","sticky":false,"template":"","format":"standard","meta":{"footnotes":""},"categories":[62,2,149],"tags":[983,984,154,24,63,27,84],"class_list":["post-19606","post","type-post","status-publish","format-standard","has-post-thumbnail","hentry","category-analog","category-kolej","category-rok-2003","tag-2003-07-20","tag-koscierzyna","tag-noc","tag-perony","tag-pkp","tag-polska","tag-su46"],"_links":{"self":[{"href":"http:\/\/wgphoto.pl\/t\/index.php?rest_route=\/wp\/v2\/posts\/19606","targetHints":{"allow":["GET"]}}],"collection":[{"href":"http:\/\/wgphoto.pl\/t\/index.php?rest_route=\/wp\/v2\/posts"}],"about":[{"href":"http:\/\/wgphoto.pl\/t\/index.php?rest_route=\/wp\/v2\/types\/post"}],"author":[{"embeddable":true,"href":"http:\/\/wgphoto.pl\/t\/index.php?rest_route=\/wp\/v2\/users\/1"}],"replies":[{"embeddable":true,"href":"http:\/\/wgphoto.pl\/t\/index.php?rest_route=%2Fwp%2Fv2%2Fcomments&post=19606"}],"version-history":[{"count":1,"href":"http:\/\/wgphoto.pl\/t\/index.php?rest_route=\/wp\/v2\/posts\/19606\/revisions"}],"predecessor-version":[{"id":19608,"href":"http:\/\/wgphoto.pl\/t\/index.php?rest_route=\/wp\/v2\/posts\/19606\/revisions\/19608"}],"wp:featuredmedia":[{"embeddable":true,"href":"http:\/\/wgphoto.pl\/t\/index.php?rest_route=\/wp\/v2\/media\/19607"}],"wp:attachment":[{"href":"http:\/\/wgphoto.pl\/t\/index.php?rest_route=%2Fwp%2Fv2%2Fmedia&parent=19606"}],"wp:term":[{"taxonomy":"category","embeddable":true,"href":"http:\/\/wgphoto.pl\/t\/index.php?rest_route=%2Fwp%2Fv2%2Fcategories&post=19606"},{"taxonomy":"post_tag","embeddable":true,"href":"http:\/\/wgphoto.pl\/t\/index.php?rest_route=%2Fwp%2Fv2%2Ftags&post=19606"}],"curies":[{"name":"wp","href":"https:\/\/api.w.org\/{rel}","templated":true}]}}