{"id":19621,"date":"2025-07-05T13:32:15","date_gmt":"2025-07-05T11:32:15","guid":{"rendered":"https:\/\/wgphoto.pl\/t\/?p=19621"},"modified":"2025-07-05T13:32:15","modified_gmt":"2025-07-05T11:32:15","slug":"szent-laszlo-templom","status":"publish","type":"post","link":"http:\/\/wgphoto.pl\/t\/?p=19621","title":{"rendered":"Szent L\u00e1szl\u00f3-templom"},"content":{"rendered":"\n<figure class=\"wp-block-image aligncenter size-full\"><img loading=\"lazy\" decoding=\"async\" width=\"1300\" height=\"861\" src=\"https:\/\/wgphoto.pl\/t\/wp-content\/uploads\/2025\/07\/IMGP2722.jpg\" alt=\"\" class=\"wp-image-19622\" srcset=\"http:\/\/wgphoto.pl\/t\/wp-content\/uploads\/2025\/07\/IMGP2722.jpg 1300w, http:\/\/wgphoto.pl\/t\/wp-content\/uploads\/2025\/07\/IMGP2722-300x199.jpg 300w, http:\/\/wgphoto.pl\/t\/wp-content\/uploads\/2025\/07\/IMGP2722-768x509.jpg 768w\" sizes=\"auto, (max-width: 1300px) 100vw, 1300px\" \/><\/figure>\n\n\n\n<div class=\"wp-block-group has-global-padding is-layout-constrained wp-block-group-is-layout-constrained\">\n<p>Budapeszt, K\u0151r\u00f6si Csoma S\u00e1ndor \u00fat. Ex-hanowerski Duewag TW6000 #1512 zostawia za sob\u0105 ko\u015bci\u00f3\u0142 pw. \u015aw. W\u0142adys\u0142awa (po w\u0119giersku jak w tytule). 22.08.2015<\/p>\n<\/div>\n","protected":false},"excerpt":{"rendered":"<p>Budapeszt, K\u0151r\u00f6si Csoma S\u00e1ndor \u00fat. Ex-hanowerski Duewag TW6000 #1512 zostawia za sob\u0105 ko\u015bci\u00f3\u0142 pw. \u015aw. W\u0142adys\u0142awa (po w\u0119giersku jak w tytule). 22.08.2015<\/p>\n","protected":false},"author":1,"featured_media":19622,"comment_status":"open","ping_status":"","sticky":false,"template":"","format":"standard","meta":{"footnotes":""},"categories":[104,3],"tags":[1703,34,147,144,1704,107,105],"class_list":["post-19621","post","type-post","status-publish","format-standard","has-post-thumbnail","hentry","category-rok-2015","category-tramwaj","tag-2015-08-22","tag-architektura","tag-bkv-budapest","tag-budapeszt","tag-duewag-tw6000","tag-wakacje-2015","tag-wegry"],"_links":{"self":[{"href":"http:\/\/wgphoto.pl\/t\/index.php?rest_route=\/wp\/v2\/posts\/19621","targetHints":{"allow":["GET"]}}],"collection":[{"href":"http:\/\/wgphoto.pl\/t\/index.php?rest_route=\/wp\/v2\/posts"}],"about":[{"href":"http:\/\/wgphoto.pl\/t\/index.php?rest_route=\/wp\/v2\/types\/post"}],"author":[{"embeddable":true,"href":"http:\/\/wgphoto.pl\/t\/index.php?rest_route=\/wp\/v2\/users\/1"}],"replies":[{"embeddable":true,"href":"http:\/\/wgphoto.pl\/t\/index.php?rest_route=%2Fwp%2Fv2%2Fcomments&post=19621"}],"version-history":[{"count":1,"href":"http:\/\/wgphoto.pl\/t\/index.php?rest_route=\/wp\/v2\/posts\/19621\/revisions"}],"predecessor-version":[{"id":19623,"href":"http:\/\/wgphoto.pl\/t\/index.php?rest_route=\/wp\/v2\/posts\/19621\/revisions\/19623"}],"wp:featuredmedia":[{"embeddable":true,"href":"http:\/\/wgphoto.pl\/t\/index.php?rest_route=\/wp\/v2\/media\/19622"}],"wp:attachment":[{"href":"http:\/\/wgphoto.pl\/t\/index.php?rest_route=%2Fwp%2Fv2%2Fmedia&parent=19621"}],"wp:term":[{"taxonomy":"category","embeddable":true,"href":"http:\/\/wgphoto.pl\/t\/index.php?rest_route=%2Fwp%2Fv2%2Fcategories&post=19621"},{"taxonomy":"post_tag","embeddable":true,"href":"http:\/\/wgphoto.pl\/t\/index.php?rest_route=%2Fwp%2Fv2%2Ftags&post=19621"}],"curies":[{"name":"wp","href":"https:\/\/api.w.org\/{rel}","templated":true}]}}