{"id":19645,"date":"2025-07-05T14:05:09","date_gmt":"2025-07-05T12:05:09","guid":{"rendered":"https:\/\/wgphoto.pl\/t\/?p=19645"},"modified":"2025-07-05T14:05:24","modified_gmt":"2025-07-05T12:05:24","slug":"bywalo-lepiej-2","status":"publish","type":"post","link":"http:\/\/wgphoto.pl\/t\/?p=19645","title":{"rendered":"Bywa\u0142o lepiej"},"content":{"rendered":"\n<figure class=\"wp-block-image aligncenter size-full\"><img loading=\"lazy\" decoding=\"async\" width=\"1300\" height=\"861\" src=\"https:\/\/wgphoto.pl\/t\/wp-content\/uploads\/2025\/07\/IMGP0927-1.jpg\" alt=\"\" class=\"wp-image-19646\" srcset=\"http:\/\/wgphoto.pl\/t\/wp-content\/uploads\/2025\/07\/IMGP0927-1.jpg 1300w, http:\/\/wgphoto.pl\/t\/wp-content\/uploads\/2025\/07\/IMGP0927-1-300x199.jpg 300w, http:\/\/wgphoto.pl\/t\/wp-content\/uploads\/2025\/07\/IMGP0927-1-768x509.jpg 768w\" sizes=\"auto, (max-width: 1300px) 100vw, 1300px\" \/><\/figure>\n\n\n\n<div class=\"wp-block-group has-global-padding is-layout-constrained wp-block-group-is-layout-constrained\">\n<p>Duet maszyn 365.003(?) i 749-162.4 sp\u00f3\u0142ki IDS Cargo zbli\u017ca si\u0119 do stacji \u00dast\u00ed nad Labem-St\u0159ekov, mijaj\u0105c znany motyw z zamkiem, kt\u00f3ry tego popo\u0142udnia zupe\u0142nie nie zagra\u0142 z powodu totalnie nieatrakcyjnego \u015bwiat\u0142a. 11.02.2023<\/p>\n<\/div>\n","protected":false},"excerpt":{"rendered":"<p>Duet maszyn 365.003(?) i 749-162.4 sp\u00f3\u0142ki IDS Cargo zbli\u017ca si\u0119 do stacji \u00dast\u00ed nad Labem-St\u0159ekov, mijaj\u0105c znany motyw z zamkiem, kt\u00f3ry tego popo\u0142udnia zupe\u0142nie nie zagra\u0142 z powodu totalnie nieatrakcyjnego \u015bwiat\u0142a. 11.02.2023<\/p>\n","protected":false},"author":1,"featured_media":19646,"comment_status":"open","ping_status":"","sticky":false,"template":"","format":"standard","meta":{"footnotes":""},"categories":[2,6],"tags":[3865,49,3933,173,2843,3866,2960],"class_list":["post-19645","post","type-post","status-publish","format-standard","has-post-thumbnail","hentry","category-kolej","category-2023r","tag-2023-02-11","tag-czechy","tag-ids-cargo","tag-koncowki","tag-tab-cz072","tag-tento-dzentelmen-posiada-jizdenku","tag-usti-nad-labem-strekov"],"_links":{"self":[{"href":"http:\/\/wgphoto.pl\/t\/index.php?rest_route=\/wp\/v2\/posts\/19645","targetHints":{"allow":["GET"]}}],"collection":[{"href":"http:\/\/wgphoto.pl\/t\/index.php?rest_route=\/wp\/v2\/posts"}],"about":[{"href":"http:\/\/wgphoto.pl\/t\/index.php?rest_route=\/wp\/v2\/types\/post"}],"author":[{"embeddable":true,"href":"http:\/\/wgphoto.pl\/t\/index.php?rest_route=\/wp\/v2\/users\/1"}],"replies":[{"embeddable":true,"href":"http:\/\/wgphoto.pl\/t\/index.php?rest_route=%2Fwp%2Fv2%2Fcomments&post=19645"}],"version-history":[{"count":1,"href":"http:\/\/wgphoto.pl\/t\/index.php?rest_route=\/wp\/v2\/posts\/19645\/revisions"}],"predecessor-version":[{"id":19647,"href":"http:\/\/wgphoto.pl\/t\/index.php?rest_route=\/wp\/v2\/posts\/19645\/revisions\/19647"}],"wp:featuredmedia":[{"embeddable":true,"href":"http:\/\/wgphoto.pl\/t\/index.php?rest_route=\/wp\/v2\/media\/19646"}],"wp:attachment":[{"href":"http:\/\/wgphoto.pl\/t\/index.php?rest_route=%2Fwp%2Fv2%2Fmedia&parent=19645"}],"wp:term":[{"taxonomy":"category","embeddable":true,"href":"http:\/\/wgphoto.pl\/t\/index.php?rest_route=%2Fwp%2Fv2%2Fcategories&post=19645"},{"taxonomy":"post_tag","embeddable":true,"href":"http:\/\/wgphoto.pl\/t\/index.php?rest_route=%2Fwp%2Fv2%2Ftags&post=19645"}],"curies":[{"name":"wp","href":"https:\/\/api.w.org\/{rel}","templated":true}]}}