{"id":19711,"date":"2025-07-06T10:43:42","date_gmt":"2025-07-06T08:43:42","guid":{"rendered":"https:\/\/wgphoto.pl\/t\/?p=19711"},"modified":"2025-07-06T10:43:42","modified_gmt":"2025-07-06T08:43:42","slug":"co-najmniej-szesc-osob-wsiadlo","status":"publish","type":"post","link":"http:\/\/wgphoto.pl\/t\/?p=19711","title":{"rendered":"Co najmniej sze\u015b\u0107 os\u00f3b wsiad\u0142o"},"content":{"rendered":"\n<figure class=\"wp-block-image aligncenter size-full\"><img loading=\"lazy\" decoding=\"async\" width=\"1300\" height=\"851\" src=\"https:\/\/wgphoto.pl\/t\/wp-content\/uploads\/2025\/07\/0617-07_rsn.jpg\" alt=\"\" class=\"wp-image-19712\" srcset=\"http:\/\/wgphoto.pl\/t\/wp-content\/uploads\/2025\/07\/0617-07_rsn.jpg 1300w, http:\/\/wgphoto.pl\/t\/wp-content\/uploads\/2025\/07\/0617-07_rsn-300x196.jpg 300w, http:\/\/wgphoto.pl\/t\/wp-content\/uploads\/2025\/07\/0617-07_rsn-768x503.jpg 768w\" sizes=\"auto, (max-width: 1300px) 100vw, 1300px\" \/><\/figure>\n\n\n\n<div class=\"wp-block-group has-global-padding is-layout-constrained wp-block-group-is-layout-constrained\">\n<p>SU45-090 z poci\u0105giem osobowym 33327 z Krzy\u017ca do Kostrzyna zatrzymuje si\u0119 w Nowinach Wielkich. 28.07.2006<\/p>\n<\/div>\n","protected":false},"excerpt":{"rendered":"<p>SU45-090 z poci\u0105giem osobowym 33327 z Krzy\u017ca do Kostrzyna zatrzymuje si\u0119 w Nowinach Wielkich. 28.07.2006<\/p>\n","protected":false},"author":1,"featured_media":19712,"comment_status":"open","ping_status":"","sticky":false,"template":"","format":"standard","meta":{"footnotes":""},"categories":[62,2,130],"tags":[1867,151,1186,1866,595,24,63,27,290,594],"class_list":["post-19711","post","type-post","status-publish","format-standard","has-post-thumbnail","hentry","category-analog","category-kolej","category-rok-2006","tag-2006-07-28","tag-ludzie","tag-na-wsiadanego","tag-nowiny-wielkie","tag-ostbahn","tag-perony","tag-pkp","tag-polska","tag-su45","tag-tab-pl345"],"_links":{"self":[{"href":"http:\/\/wgphoto.pl\/t\/index.php?rest_route=\/wp\/v2\/posts\/19711","targetHints":{"allow":["GET"]}}],"collection":[{"href":"http:\/\/wgphoto.pl\/t\/index.php?rest_route=\/wp\/v2\/posts"}],"about":[{"href":"http:\/\/wgphoto.pl\/t\/index.php?rest_route=\/wp\/v2\/types\/post"}],"author":[{"embeddable":true,"href":"http:\/\/wgphoto.pl\/t\/index.php?rest_route=\/wp\/v2\/users\/1"}],"replies":[{"embeddable":true,"href":"http:\/\/wgphoto.pl\/t\/index.php?rest_route=%2Fwp%2Fv2%2Fcomments&post=19711"}],"version-history":[{"count":1,"href":"http:\/\/wgphoto.pl\/t\/index.php?rest_route=\/wp\/v2\/posts\/19711\/revisions"}],"predecessor-version":[{"id":19713,"href":"http:\/\/wgphoto.pl\/t\/index.php?rest_route=\/wp\/v2\/posts\/19711\/revisions\/19713"}],"wp:featuredmedia":[{"embeddable":true,"href":"http:\/\/wgphoto.pl\/t\/index.php?rest_route=\/wp\/v2\/media\/19712"}],"wp:attachment":[{"href":"http:\/\/wgphoto.pl\/t\/index.php?rest_route=%2Fwp%2Fv2%2Fmedia&parent=19711"}],"wp:term":[{"taxonomy":"category","embeddable":true,"href":"http:\/\/wgphoto.pl\/t\/index.php?rest_route=%2Fwp%2Fv2%2Fcategories&post=19711"},{"taxonomy":"post_tag","embeddable":true,"href":"http:\/\/wgphoto.pl\/t\/index.php?rest_route=%2Fwp%2Fv2%2Ftags&post=19711"}],"curies":[{"name":"wp","href":"https:\/\/api.w.org\/{rel}","templated":true}]}}