{"id":19732,"date":"2025-07-06T10:52:56","date_gmt":"2025-07-06T08:52:56","guid":{"rendered":"https:\/\/wgphoto.pl\/t\/?p=19732"},"modified":"2025-07-06T10:53:15","modified_gmt":"2025-07-06T08:53:15","slug":"ujszeged","status":"publish","type":"post","link":"http:\/\/wgphoto.pl\/t\/?p=19732","title":{"rendered":"\u00dajszeged"},"content":{"rendered":"\n<figure class=\"wp-block-image aligncenter size-full\"><img loading=\"lazy\" decoding=\"async\" width=\"1300\" height=\"861\" src=\"https:\/\/wgphoto.pl\/t\/wp-content\/uploads\/2025\/07\/IMGP2623.jpg\" alt=\"\" class=\"wp-image-19733\" srcset=\"http:\/\/wgphoto.pl\/t\/wp-content\/uploads\/2025\/07\/IMGP2623.jpg 1300w, http:\/\/wgphoto.pl\/t\/wp-content\/uploads\/2025\/07\/IMGP2623-300x199.jpg 300w, http:\/\/wgphoto.pl\/t\/wp-content\/uploads\/2025\/07\/IMGP2623-768x509.jpg 768w\" sizes=\"auto, (max-width: 1300px) 100vw, 1300px\" \/><\/figure>\n\n\n\n<div class=\"wp-block-group has-global-padding is-layout-constrained wp-block-group-is-layout-constrained\">\n<p>117.214 z poci\u0105giem osobowym 37023 \u00dajszeged &#8211; K\u00e9tegyh\u00e1za stoi got\u00f3w do odjazdu na stacji pocz\u0105tkowej. Natrafi\u0142em dzisiaj [03.08.2023] na informacj\u0119, \u017ce od 1 sierpnia koleje w\u0119gierskie na 10 lokalnych trasach zast\u0105pi\u0142y poci\u0105gi narodowymi autobusami. Dotyczy to m.in. tej w\u0142a\u015bnie trasy, gdzie w chwili wykonywania zdj\u0119cia kursowa\u0142y bodaj dwie pary poci\u0105g\u00f3w dziennie. Podawany pow\u00f3d jest do\u015b\u0107 absurdalny i dotyczy awaryjno\u015bci czechos\u0142owackich motorak\u00f3w. 21.08.2015<\/p>\n<\/div>\n","protected":false},"excerpt":{"rendered":"<p>117.214 z poci\u0105giem osobowym 37023 \u00dajszeged &#8211; K\u00e9tegyh\u00e1za stoi got\u00f3w do odjazdu na stacji pocz\u0105tkowej. Natrafi\u0142em dzisiaj [03.08.2023] na informacj\u0119, \u017ce od 1 sierpnia koleje w\u0119gierskie na 10 lokalnych trasach zast\u0105pi\u0142y poci\u0105gi narodowymi autobusami. Dotyczy to m.in. tej w\u0142a\u015bnie trasy, gdzie w chwili wykonywania zdj\u0119cia kursowa\u0142y bodaj dwie pary poci\u0105g\u00f3w dziennie. Podawany pow\u00f3d jest do\u015b\u0107 [&hellip;]<\/p>\n","protected":false},"author":1,"featured_media":19733,"comment_status":"open","ping_status":"","sticky":false,"template":"","format":"standard","meta":{"footnotes":""},"categories":[2,104],"tags":[109,2176,151,1813,106,2869,107,105],"class_list":["post-19732","post","type-post","status-publish","format-standard","has-post-thumbnail","hentry","category-kolej","category-rok-2015","tag-2015-08-21","tag-bzmot","tag-ludzie","tag-mav","tag-segedyn","tag-ujszeged","tag-wakacje-2015","tag-wegry"],"_links":{"self":[{"href":"http:\/\/wgphoto.pl\/t\/index.php?rest_route=\/wp\/v2\/posts\/19732","targetHints":{"allow":["GET"]}}],"collection":[{"href":"http:\/\/wgphoto.pl\/t\/index.php?rest_route=\/wp\/v2\/posts"}],"about":[{"href":"http:\/\/wgphoto.pl\/t\/index.php?rest_route=\/wp\/v2\/types\/post"}],"author":[{"embeddable":true,"href":"http:\/\/wgphoto.pl\/t\/index.php?rest_route=\/wp\/v2\/users\/1"}],"replies":[{"embeddable":true,"href":"http:\/\/wgphoto.pl\/t\/index.php?rest_route=%2Fwp%2Fv2%2Fcomments&post=19732"}],"version-history":[{"count":1,"href":"http:\/\/wgphoto.pl\/t\/index.php?rest_route=\/wp\/v2\/posts\/19732\/revisions"}],"predecessor-version":[{"id":19734,"href":"http:\/\/wgphoto.pl\/t\/index.php?rest_route=\/wp\/v2\/posts\/19732\/revisions\/19734"}],"wp:featuredmedia":[{"embeddable":true,"href":"http:\/\/wgphoto.pl\/t\/index.php?rest_route=\/wp\/v2\/media\/19733"}],"wp:attachment":[{"href":"http:\/\/wgphoto.pl\/t\/index.php?rest_route=%2Fwp%2Fv2%2Fmedia&parent=19732"}],"wp:term":[{"taxonomy":"category","embeddable":true,"href":"http:\/\/wgphoto.pl\/t\/index.php?rest_route=%2Fwp%2Fv2%2Fcategories&post=19732"},{"taxonomy":"post_tag","embeddable":true,"href":"http:\/\/wgphoto.pl\/t\/index.php?rest_route=%2Fwp%2Fv2%2Ftags&post=19732"}],"curies":[{"name":"wp","href":"https:\/\/api.w.org\/{rel}","templated":true}]}}