{"id":19750,"date":"2025-07-06T11:16:18","date_gmt":"2025-07-06T09:16:18","guid":{"rendered":"https:\/\/wgphoto.pl\/t\/?p=19750"},"modified":"2025-07-06T11:16:18","modified_gmt":"2025-07-06T09:16:18","slug":"condequinto-po-raz-pierwszy","status":"publish","type":"post","link":"http:\/\/wgphoto.pl\/t\/?p=19750","title":{"rendered":"Condequinto po raz pierwszy"},"content":{"rendered":"\n<figure class=\"wp-block-image aligncenter size-full\"><img loading=\"lazy\" decoding=\"async\" width=\"744\" height=\"1000\" src=\"https:\/\/wgphoto.pl\/t\/wp-content\/uploads\/2025\/07\/IMGP2231.jpg\" alt=\"\" class=\"wp-image-19751\" srcset=\"http:\/\/wgphoto.pl\/t\/wp-content\/uploads\/2025\/07\/IMGP2231.jpg 744w, http:\/\/wgphoto.pl\/t\/wp-content\/uploads\/2025\/07\/IMGP2231-223x300.jpg 223w\" sizes=\"auto, (max-width: 744px) 100vw, 744px\" \/><\/figure>\n\n\n\n<div class=\"wp-block-group has-global-padding is-layout-constrained wp-block-group-is-layout-constrained\">\n<p>Sewilla, Condequinto. \u015aciana z obu stron, na szcz\u0119\u015bcie by\u0142a tu k\u0142adka dla pieszych na wyj\u015bciu ze stacji. 18.11.2018<\/p>\n<\/div>\n","protected":false},"excerpt":{"rendered":"<p>Sewilla, Condequinto. \u015aciana z obu stron, na szcz\u0119\u015bcie by\u0142a tu k\u0142adka dla pieszych na wyj\u015bciu ze stacji. 18.11.2018<\/p>\n","protected":false},"author":1,"featured_media":19751,"comment_status":"open","ping_status":"","sticky":false,"template":"","format":"standard","meta":{"footnotes":""},"categories":[4,128,156,3],"tags":[624,157,13,159,160,830,622],"class_list":["post-19750","post","type-post","status-publish","format-standard","has-post-thumbnail","hentry","category-metro","category-pionowe","category-rok-2018","category-tramwaj","tag-2018-11-18","tag-caf-urbos","tag-deszcz","tag-hiszpania","tag-hiszpania-2018","tag-metro-de-sevilla","tag-sewilla"],"_links":{"self":[{"href":"http:\/\/wgphoto.pl\/t\/index.php?rest_route=\/wp\/v2\/posts\/19750","targetHints":{"allow":["GET"]}}],"collection":[{"href":"http:\/\/wgphoto.pl\/t\/index.php?rest_route=\/wp\/v2\/posts"}],"about":[{"href":"http:\/\/wgphoto.pl\/t\/index.php?rest_route=\/wp\/v2\/types\/post"}],"author":[{"embeddable":true,"href":"http:\/\/wgphoto.pl\/t\/index.php?rest_route=\/wp\/v2\/users\/1"}],"replies":[{"embeddable":true,"href":"http:\/\/wgphoto.pl\/t\/index.php?rest_route=%2Fwp%2Fv2%2Fcomments&post=19750"}],"version-history":[{"count":1,"href":"http:\/\/wgphoto.pl\/t\/index.php?rest_route=\/wp\/v2\/posts\/19750\/revisions"}],"predecessor-version":[{"id":19752,"href":"http:\/\/wgphoto.pl\/t\/index.php?rest_route=\/wp\/v2\/posts\/19750\/revisions\/19752"}],"wp:featuredmedia":[{"embeddable":true,"href":"http:\/\/wgphoto.pl\/t\/index.php?rest_route=\/wp\/v2\/media\/19751"}],"wp:attachment":[{"href":"http:\/\/wgphoto.pl\/t\/index.php?rest_route=%2Fwp%2Fv2%2Fmedia&parent=19750"}],"wp:term":[{"taxonomy":"category","embeddable":true,"href":"http:\/\/wgphoto.pl\/t\/index.php?rest_route=%2Fwp%2Fv2%2Fcategories&post=19750"},{"taxonomy":"post_tag","embeddable":true,"href":"http:\/\/wgphoto.pl\/t\/index.php?rest_route=%2Fwp%2Fv2%2Ftags&post=19750"}],"curies":[{"name":"wp","href":"https:\/\/api.w.org\/{rel}","templated":true}]}}