{"id":19757,"date":"2025-07-06T11:21:29","date_gmt":"2025-07-06T09:21:29","guid":{"rendered":"https:\/\/wgphoto.pl\/t\/?p=19757"},"modified":"2025-07-06T11:21:29","modified_gmt":"2025-07-06T09:21:29","slug":"105na-476-gliwice","status":"publish","type":"post","link":"http:\/\/wgphoto.pl\/t\/?p=19757","title":{"rendered":"105Na 476, Gliwice"},"content":{"rendered":"\n<figure class=\"wp-block-image aligncenter size-full\"><img loading=\"lazy\" decoding=\"async\" width=\"736\" height=\"1000\" src=\"https:\/\/wgphoto.pl\/t\/wp-content\/uploads\/2025\/07\/IMGP9045.jpg\" alt=\"\" class=\"wp-image-19758\" srcset=\"http:\/\/wgphoto.pl\/t\/wp-content\/uploads\/2025\/07\/IMGP9045.jpg 736w, http:\/\/wgphoto.pl\/t\/wp-content\/uploads\/2025\/07\/IMGP9045-221x300.jpg 221w\" sizes=\"auto, (max-width: 736px) 100vw, 736px\" \/><\/figure>\n\n\n\n<div class=\"wp-block-group has-global-padding is-layout-constrained wp-block-group-is-layout-constrained\">\n<p>Gliwice, ul. Jagiello\u0144ska, skrzy\u017cowanie z Zabrsk\u0105. 105Na 476 min\u0105\u0142 ko\u015bci\u00f3\u0142 Ewangelicki pw. Zbawiciela. Dzi\u015b w tym miejscu nie ma \u015bladu po torach. 28.08.2009<\/p>\n<\/div>\n","protected":false},"excerpt":{"rendered":"<p>Gliwice, ul. Jagiello\u0144ska, skrzy\u017cowanie z Zabrsk\u0105. 105Na 476 min\u0105\u0142 ko\u015bci\u00f3\u0142 Ewangelicki pw. Zbawiciela. Dzi\u015b w tym miejscu nie ma \u015bladu po torach. 28.08.2009<\/p>\n","protected":false},"author":1,"featured_media":19758,"comment_status":"open","ping_status":"","sticky":false,"template":"","format":"standard","meta":{"footnotes":""},"categories":[128,169,3],"tags":[155,1213,34,1080,277,27,279],"class_list":["post-19757","post","type-post","status-publish","format-standard","has-post-thumbnail","hentry","category-pionowe","category-rok-2009","category-tramwaj","tag-105na","tag-2009-08-28","tag-architektura","tag-gliwice","tag-gop","tag-polska","tag-tramwaje-slaskie"],"_links":{"self":[{"href":"http:\/\/wgphoto.pl\/t\/index.php?rest_route=\/wp\/v2\/posts\/19757","targetHints":{"allow":["GET"]}}],"collection":[{"href":"http:\/\/wgphoto.pl\/t\/index.php?rest_route=\/wp\/v2\/posts"}],"about":[{"href":"http:\/\/wgphoto.pl\/t\/index.php?rest_route=\/wp\/v2\/types\/post"}],"author":[{"embeddable":true,"href":"http:\/\/wgphoto.pl\/t\/index.php?rest_route=\/wp\/v2\/users\/1"}],"replies":[{"embeddable":true,"href":"http:\/\/wgphoto.pl\/t\/index.php?rest_route=%2Fwp%2Fv2%2Fcomments&post=19757"}],"version-history":[{"count":1,"href":"http:\/\/wgphoto.pl\/t\/index.php?rest_route=\/wp\/v2\/posts\/19757\/revisions"}],"predecessor-version":[{"id":19759,"href":"http:\/\/wgphoto.pl\/t\/index.php?rest_route=\/wp\/v2\/posts\/19757\/revisions\/19759"}],"wp:featuredmedia":[{"embeddable":true,"href":"http:\/\/wgphoto.pl\/t\/index.php?rest_route=\/wp\/v2\/media\/19758"}],"wp:attachment":[{"href":"http:\/\/wgphoto.pl\/t\/index.php?rest_route=%2Fwp%2Fv2%2Fmedia&parent=19757"}],"wp:term":[{"taxonomy":"category","embeddable":true,"href":"http:\/\/wgphoto.pl\/t\/index.php?rest_route=%2Fwp%2Fv2%2Fcategories&post=19757"},{"taxonomy":"post_tag","embeddable":true,"href":"http:\/\/wgphoto.pl\/t\/index.php?rest_route=%2Fwp%2Fv2%2Ftags&post=19757"}],"curies":[{"name":"wp","href":"https:\/\/api.w.org\/{rel}","templated":true}]}}