{"id":19787,"date":"2025-07-06T11:36:00","date_gmt":"2025-07-06T09:36:00","guid":{"rendered":"https:\/\/wgphoto.pl\/t\/?p=19787"},"modified":"2025-07-06T11:36:00","modified_gmt":"2025-07-06T09:36:00","slug":"eu07-231-sucha-beskidzka","status":"publish","type":"post","link":"http:\/\/wgphoto.pl\/t\/?p=19787","title":{"rendered":"EU07-231, Sucha Beskidzka"},"content":{"rendered":"\n<figure class=\"wp-block-image aligncenter size-full\"><img loading=\"lazy\" decoding=\"async\" width=\"1300\" height=\"861\" src=\"https:\/\/wgphoto.pl\/t\/wp-content\/uploads\/2025\/07\/0517-07_rsn.jpg\" alt=\"\" class=\"wp-image-19788\" srcset=\"http:\/\/wgphoto.pl\/t\/wp-content\/uploads\/2025\/07\/0517-07_rsn.jpg 1300w, http:\/\/wgphoto.pl\/t\/wp-content\/uploads\/2025\/07\/0517-07_rsn-300x199.jpg 300w, http:\/\/wgphoto.pl\/t\/wp-content\/uploads\/2025\/07\/0517-07_rsn-768x509.jpg 768w\" sizes=\"auto, (max-width: 1300px) 100vw, 1300px\" \/><\/figure>\n\n\n\n<div class=\"wp-block-group has-global-padding is-layout-constrained wp-block-group-is-layout-constrained\">\n<p>EU07-231 z CM Krak\u00f3w z poci\u0105giem pospiesznym 35504 z Zakopanego do Gdyni i Olsztyna zatrzymuje si\u0119 w Suchej Beskidzkiej. 20.07.2005<\/p>\n<\/div>\n","protected":false},"excerpt":{"rendered":"<p>EU07-231 z CM Krak\u00f3w z poci\u0105giem pospiesznym 35504 z Zakopanego do Gdyni i Olsztyna zatrzymuje si\u0119 w Suchej Beskidzkiej. 20.07.2005<\/p>\n","protected":false},"author":1,"featured_media":19788,"comment_status":"open","ping_status":"","sticky":false,"template":"","format":"standard","meta":{"footnotes":""},"categories":[62,2,311],"tags":[1673,122,114,63,27,1816,872],"class_list":["post-19787","post","type-post","status-publish","format-standard","has-post-thumbnail","hentry","category-analog","category-kolej","category-rok-2005","tag-2005-07-20","tag-eu07","tag-gory","tag-pkp","tag-polska","tag-sucha-beskidzka","tag-tab-pl135"],"_links":{"self":[{"href":"http:\/\/wgphoto.pl\/t\/index.php?rest_route=\/wp\/v2\/posts\/19787","targetHints":{"allow":["GET"]}}],"collection":[{"href":"http:\/\/wgphoto.pl\/t\/index.php?rest_route=\/wp\/v2\/posts"}],"about":[{"href":"http:\/\/wgphoto.pl\/t\/index.php?rest_route=\/wp\/v2\/types\/post"}],"author":[{"embeddable":true,"href":"http:\/\/wgphoto.pl\/t\/index.php?rest_route=\/wp\/v2\/users\/1"}],"replies":[{"embeddable":true,"href":"http:\/\/wgphoto.pl\/t\/index.php?rest_route=%2Fwp%2Fv2%2Fcomments&post=19787"}],"version-history":[{"count":1,"href":"http:\/\/wgphoto.pl\/t\/index.php?rest_route=\/wp\/v2\/posts\/19787\/revisions"}],"predecessor-version":[{"id":19789,"href":"http:\/\/wgphoto.pl\/t\/index.php?rest_route=\/wp\/v2\/posts\/19787\/revisions\/19789"}],"wp:featuredmedia":[{"embeddable":true,"href":"http:\/\/wgphoto.pl\/t\/index.php?rest_route=\/wp\/v2\/media\/19788"}],"wp:attachment":[{"href":"http:\/\/wgphoto.pl\/t\/index.php?rest_route=%2Fwp%2Fv2%2Fmedia&parent=19787"}],"wp:term":[{"taxonomy":"category","embeddable":true,"href":"http:\/\/wgphoto.pl\/t\/index.php?rest_route=%2Fwp%2Fv2%2Fcategories&post=19787"},{"taxonomy":"post_tag","embeddable":true,"href":"http:\/\/wgphoto.pl\/t\/index.php?rest_route=%2Fwp%2Fv2%2Ftags&post=19787"}],"curies":[{"name":"wp","href":"https:\/\/api.w.org\/{rel}","templated":true}]}}