{"id":19808,"date":"2025-07-06T12:50:15","date_gmt":"2025-07-06T10:50:15","guid":{"rendered":"https:\/\/wgphoto.pl\/t\/?p=19808"},"modified":"2025-07-06T12:50:15","modified_gmt":"2025-07-06T10:50:15","slug":"retro-stacja-retro-pojazd","status":"publish","type":"post","link":"http:\/\/wgphoto.pl\/t\/?p=19808","title":{"rendered":"Retro stacja, retro pojazd"},"content":{"rendered":"\n<figure class=\"wp-block-image aligncenter size-full\"><img loading=\"lazy\" decoding=\"async\" width=\"1400\" height=\"927\" src=\"https:\/\/wgphoto.pl\/t\/wp-content\/uploads\/2025\/07\/IMGP1454.jpg\" alt=\"\" class=\"wp-image-19809\" srcset=\"http:\/\/wgphoto.pl\/t\/wp-content\/uploads\/2025\/07\/IMGP1454.jpg 1400w, http:\/\/wgphoto.pl\/t\/wp-content\/uploads\/2025\/07\/IMGP1454-300x199.jpg 300w, http:\/\/wgphoto.pl\/t\/wp-content\/uploads\/2025\/07\/IMGP1454-768x509.jpg 768w\" sizes=\"auto, (max-width: 1400px) 100vw, 1400px\" \/><\/figure>\n\n\n\n<div class=\"wp-block-group has-global-padding is-layout-constrained wp-block-group-is-layout-constrained\">\n<p>460.080\/079 jako Os 3208 relacji Vset\u00edn &#8211; P\u0159erov zatrzymuje si\u0119 w peronach stacji Hranice na Morav\u011b. 24.03.2023<\/p>\n<\/div>\n","protected":false},"excerpt":{"rendered":"<p>460.080\/079 jako Os 3208 relacji Vset\u00edn &#8211; P\u0159erov zatrzymuje si\u0119 w peronach stacji Hranice na Morav\u011b. 24.03.2023<\/p>\n","protected":false},"author":1,"featured_media":19809,"comment_status":"open","ping_status":"","sticky":false,"template":"","format":"standard","meta":{"footnotes":""},"categories":[2,6],"tags":[4124,1398,50,49,2638,1186,24,4094,139,981],"class_list":["post-19808","post","type-post","status-publish","format-standard","has-post-thumbnail","hentry","category-kolej","category-2023r","tag-2023-03-24","tag-1398","tag-cd","tag-czechy","tag-hranice-na-morave","tag-na-wsiadanego","tag-perony","tag-powitanie-wiosny-2023","tag-retro","tag-tab-cz270"],"_links":{"self":[{"href":"http:\/\/wgphoto.pl\/t\/index.php?rest_route=\/wp\/v2\/posts\/19808","targetHints":{"allow":["GET"]}}],"collection":[{"href":"http:\/\/wgphoto.pl\/t\/index.php?rest_route=\/wp\/v2\/posts"}],"about":[{"href":"http:\/\/wgphoto.pl\/t\/index.php?rest_route=\/wp\/v2\/types\/post"}],"author":[{"embeddable":true,"href":"http:\/\/wgphoto.pl\/t\/index.php?rest_route=\/wp\/v2\/users\/1"}],"replies":[{"embeddable":true,"href":"http:\/\/wgphoto.pl\/t\/index.php?rest_route=%2Fwp%2Fv2%2Fcomments&post=19808"}],"version-history":[{"count":1,"href":"http:\/\/wgphoto.pl\/t\/index.php?rest_route=\/wp\/v2\/posts\/19808\/revisions"}],"predecessor-version":[{"id":19810,"href":"http:\/\/wgphoto.pl\/t\/index.php?rest_route=\/wp\/v2\/posts\/19808\/revisions\/19810"}],"wp:featuredmedia":[{"embeddable":true,"href":"http:\/\/wgphoto.pl\/t\/index.php?rest_route=\/wp\/v2\/media\/19809"}],"wp:attachment":[{"href":"http:\/\/wgphoto.pl\/t\/index.php?rest_route=%2Fwp%2Fv2%2Fmedia&parent=19808"}],"wp:term":[{"taxonomy":"category","embeddable":true,"href":"http:\/\/wgphoto.pl\/t\/index.php?rest_route=%2Fwp%2Fv2%2Fcategories&post=19808"},{"taxonomy":"post_tag","embeddable":true,"href":"http:\/\/wgphoto.pl\/t\/index.php?rest_route=%2Fwp%2Fv2%2Ftags&post=19808"}],"curies":[{"name":"wp","href":"https:\/\/api.w.org\/{rel}","templated":true}]}}