{"id":1982,"date":"2024-10-07T17:20:14","date_gmt":"2024-10-07T15:20:14","guid":{"rendered":"https:\/\/wgphoto.pl\/t\/?p=1982"},"modified":"2024-10-07T17:20:14","modified_gmt":"2024-10-07T15:20:14","slug":"na-ostatnich-metrach-toru","status":"publish","type":"post","link":"http:\/\/wgphoto.pl\/t\/?p=1982","title":{"rendered":"Na ostatnich metrach toru"},"content":{"rendered":"\n<figure class=\"wp-block-image aligncenter size-full\"><img loading=\"lazy\" decoding=\"async\" width=\"1200\" height=\"803\" src=\"https:\/\/wgphoto.pl\/t\/wp-content\/uploads\/2024\/10\/IMGP6295.jpg\" alt=\"\" class=\"wp-image-1983\" srcset=\"http:\/\/wgphoto.pl\/t\/wp-content\/uploads\/2024\/10\/IMGP6295.jpg 1200w, http:\/\/wgphoto.pl\/t\/wp-content\/uploads\/2024\/10\/IMGP6295-300x201.jpg 300w, http:\/\/wgphoto.pl\/t\/wp-content\/uploads\/2024\/10\/IMGP6295-768x514.jpg 768w\" sizes=\"auto, (max-width: 1200px) 100vw, 1200px\" \/><\/figure>\n\n\n\n<div class=\"wp-block-group has-global-padding is-layout-constrained wp-block-group-is-layout-constrained\">\n<p>Niecz\u0119sto w kategorii &#8222;ko\u0144c\u00f3w \u015bwiata&#8221; pojawia si\u0119 jaki\u015b powa\u017cniejszy pojazd trakcyjny. Ci\u0105g przyczynowo &#8211; skutkowy przedstawia si\u0119 nast\u0119puj\u0105co. Lini\u0119 kolejow\u0105, maj\u0105c\u0105 sw\u00f3j koniec w Lipnie nad We\u0142taw\u0105 &#8211; gdzie si\u0119 w\u0142a\u015bnie znajdujemy &#8211; oddano do u\u017cytku w roku 1911 od razu jako zelektryfikowan\u0105 napi\u0119ciem 1280V DC, zmienionym nast\u0119pnie na 1,5kV, by ostatecznie w 2005 roku ujednolici\u0107 zasilanie do typowego w tym rejonie Czech 25kV AC. Podejrzewam, \u017ce jedynie zasz\u0142o\u015b\u0107 historyczna sprawi\u0142a, \u017ce wci\u0105\u017c nie docieraj\u0105 tutaj motoraki lecz sk\u0142ady wagonowe prowadzone lokomotyw\u0105. 23.08.2010<\/p>\n<\/div>\n","protected":false},"excerpt":{"rendered":"<p>Niecz\u0119sto w kategorii &#8222;ko\u0144c\u00f3w \u015bwiata&#8221; pojawia si\u0119 jaki\u015b powa\u017cniejszy pojazd trakcyjny. Ci\u0105g przyczynowo &#8211; skutkowy przedstawia si\u0119 nast\u0119puj\u0105co. Lini\u0119 kolejow\u0105, maj\u0105c\u0105 sw\u00f3j koniec w Lipnie nad We\u0142taw\u0105 &#8211; gdzie si\u0119 w\u0142a\u015bnie znajdujemy &#8211; oddano do u\u017cytku w roku 1911 od razu jako zelektryfikowan\u0105 napi\u0119ciem 1280V DC, zmienionym nast\u0119pnie na 1,5kV, by ostatecznie w 2005 roku [&hellip;]<\/p>\n","protected":false},"author":1,"featured_media":1983,"comment_status":"open","ping_status":"","sticky":false,"template":"","format":"standard","meta":{"footnotes":""},"categories":[2,86],"tags":[1039,306,50,49,1038,94,1040],"class_list":["post-1982","post","type-post","status-publish","format-standard","has-post-thumbnail","hentry","category-kolej","category-rok-2010","tag-2010-08-23","tag-306","tag-cd","tag-czechy","tag-lipno-nad-vltavou","tag-na-kolejowym-koncu-swiata","tag-tab-cz195"],"_links":{"self":[{"href":"http:\/\/wgphoto.pl\/t\/index.php?rest_route=\/wp\/v2\/posts\/1982","targetHints":{"allow":["GET"]}}],"collection":[{"href":"http:\/\/wgphoto.pl\/t\/index.php?rest_route=\/wp\/v2\/posts"}],"about":[{"href":"http:\/\/wgphoto.pl\/t\/index.php?rest_route=\/wp\/v2\/types\/post"}],"author":[{"embeddable":true,"href":"http:\/\/wgphoto.pl\/t\/index.php?rest_route=\/wp\/v2\/users\/1"}],"replies":[{"embeddable":true,"href":"http:\/\/wgphoto.pl\/t\/index.php?rest_route=%2Fwp%2Fv2%2Fcomments&post=1982"}],"version-history":[{"count":1,"href":"http:\/\/wgphoto.pl\/t\/index.php?rest_route=\/wp\/v2\/posts\/1982\/revisions"}],"predecessor-version":[{"id":1984,"href":"http:\/\/wgphoto.pl\/t\/index.php?rest_route=\/wp\/v2\/posts\/1982\/revisions\/1984"}],"wp:featuredmedia":[{"embeddable":true,"href":"http:\/\/wgphoto.pl\/t\/index.php?rest_route=\/wp\/v2\/media\/1983"}],"wp:attachment":[{"href":"http:\/\/wgphoto.pl\/t\/index.php?rest_route=%2Fwp%2Fv2%2Fmedia&parent=1982"}],"wp:term":[{"taxonomy":"category","embeddable":true,"href":"http:\/\/wgphoto.pl\/t\/index.php?rest_route=%2Fwp%2Fv2%2Fcategories&post=1982"},{"taxonomy":"post_tag","embeddable":true,"href":"http:\/\/wgphoto.pl\/t\/index.php?rest_route=%2Fwp%2Fv2%2Ftags&post=1982"}],"curies":[{"name":"wp","href":"https:\/\/api.w.org\/{rel}","templated":true}]}}