{"id":19836,"date":"2025-07-06T14:07:48","date_gmt":"2025-07-06T12:07:48","guid":{"rendered":"https:\/\/wgphoto.pl\/t\/?p=19836"},"modified":"2025-07-06T14:07:48","modified_gmt":"2025-07-06T12:07:48","slug":"grand-hotel-praha","status":"publish","type":"post","link":"http:\/\/wgphoto.pl\/t\/?p=19836","title":{"rendered":"Grand Hotel Praha"},"content":{"rendered":"\n<figure class=\"wp-block-image aligncenter size-full\"><img loading=\"lazy\" decoding=\"async\" width=\"1300\" height=\"861\" src=\"https:\/\/wgphoto.pl\/t\/wp-content\/uploads\/2025\/07\/IMGP4714-1.jpg\" alt=\"\" class=\"wp-image-19838\" srcset=\"http:\/\/wgphoto.pl\/t\/wp-content\/uploads\/2025\/07\/IMGP4714-1.jpg 1300w, http:\/\/wgphoto.pl\/t\/wp-content\/uploads\/2025\/07\/IMGP4714-1-300x199.jpg 300w, http:\/\/wgphoto.pl\/t\/wp-content\/uploads\/2025\/07\/IMGP4714-1-768x509.jpg 768w\" sizes=\"auto, (max-width: 1300px) 100vw, 1300px\" \/><\/figure>\n\n\n\n<div class=\"wp-block-group has-global-padding is-layout-constrained wp-block-group-is-layout-constrained\">\n<p>840.001 jako poci\u0105g osobowy 8426 do Studen\u00e9ho Potoka na par\u0119 minut przed odjazdem ze stacji Tatransk\u00e1 Lomnica. Po lewej stronie wida\u0107 budynek stacyjny oraz pantograf tatrza\u0144skiej elektri\u010dky. Szkoda, \u017ce obie stacje s\u0105 rozdzielone p\u0142otem i krzakami, zelektryfikowan\u0105 w\u0105skotor\u00f3wk\u0119 obs\u0142uguj\u0105 bowiem pojazdy z tej samej rodziny co widoczna jednostka spalinowa. Por\u00f3wnanie obu pojazd\u00f3w na jednym zdj\u0119ciu wygl\u0105da\u0142oby ciekawie. 15.08.2019<\/p>\n<\/div>\n","protected":false},"excerpt":{"rendered":"<p>840.001 jako poci\u0105g osobowy 8426 do Studen\u00e9ho Potoka na par\u0119 minut przed odjazdem ze stacji Tatransk\u00e1 Lomnica. Po lewej stronie wida\u0107 budynek stacyjny oraz pantograf tatrza\u0144skiej elektri\u010dky. Szkoda, \u017ce obie stacje s\u0105 rozdzielone p\u0142otem i krzakami, zelektryfikowan\u0105 w\u0105skotor\u00f3wk\u0119 obs\u0142uguj\u0105 bowiem pojazdy z tej samej rodziny co widoczna jednostka spalinowa. Por\u00f3wnanie obu pojazd\u00f3w na jednym zdj\u0119ciu [&hellip;]<\/p>\n","protected":false},"author":1,"featured_media":19838,"comment_status":"open","ping_status":"","sticky":false,"template":"","format":"standard","meta":{"footnotes":""},"categories":[2,136],"tags":[1163,1601,94,1168,675,3024,4208,469],"class_list":["post-19836","post","type-post","status-publish","format-standard","has-post-thumbnail","hentry","category-kolej","category-rok-2019","tag-2019-08-15","tag-1601","tag-na-kolejowym-koncu-swiata","tag-sierpniowka-2019","tag-slowacja","tag-stadler-gtw","tag-tatranska-lomnica","tag-zssk"],"_links":{"self":[{"href":"http:\/\/wgphoto.pl\/t\/index.php?rest_route=\/wp\/v2\/posts\/19836","targetHints":{"allow":["GET"]}}],"collection":[{"href":"http:\/\/wgphoto.pl\/t\/index.php?rest_route=\/wp\/v2\/posts"}],"about":[{"href":"http:\/\/wgphoto.pl\/t\/index.php?rest_route=\/wp\/v2\/types\/post"}],"author":[{"embeddable":true,"href":"http:\/\/wgphoto.pl\/t\/index.php?rest_route=\/wp\/v2\/users\/1"}],"replies":[{"embeddable":true,"href":"http:\/\/wgphoto.pl\/t\/index.php?rest_route=%2Fwp%2Fv2%2Fcomments&post=19836"}],"version-history":[{"count":1,"href":"http:\/\/wgphoto.pl\/t\/index.php?rest_route=\/wp\/v2\/posts\/19836\/revisions"}],"predecessor-version":[{"id":19839,"href":"http:\/\/wgphoto.pl\/t\/index.php?rest_route=\/wp\/v2\/posts\/19836\/revisions\/19839"}],"wp:featuredmedia":[{"embeddable":true,"href":"http:\/\/wgphoto.pl\/t\/index.php?rest_route=\/wp\/v2\/media\/19838"}],"wp:attachment":[{"href":"http:\/\/wgphoto.pl\/t\/index.php?rest_route=%2Fwp%2Fv2%2Fmedia&parent=19836"}],"wp:term":[{"taxonomy":"category","embeddable":true,"href":"http:\/\/wgphoto.pl\/t\/index.php?rest_route=%2Fwp%2Fv2%2Fcategories&post=19836"},{"taxonomy":"post_tag","embeddable":true,"href":"http:\/\/wgphoto.pl\/t\/index.php?rest_route=%2Fwp%2Fv2%2Ftags&post=19836"}],"curies":[{"name":"wp","href":"https:\/\/api.w.org\/{rel}","templated":true}]}}